{"id":1100,"date":"2024-08-07T15:01:02","date_gmt":"2024-08-07T18:01:02","guid":{"rendered":"http:\/\/masquenoticiastucuman.com.ar\/?p=1100"},"modified":"2024-08-07T15:01:02","modified_gmt":"2024-08-07T18:01:02","slug":"agustin-canapino-dejara-de-correr-en-la-indycar-tras-desvincularse-del-equipo-juncos-hollinger-racing","status":"publish","type":"post","link":"https:\/\/masquenoticiastucuman.com.ar\/?p=1100","title":{"rendered":"Agust\u00edn Canapino dejar\u00e1 de correr en la IndyCar tras desvincularse del equipo Juncos Hollinger Racing"},"content":{"rendered":"<p>El equipo emiti\u00f3 un comunicado oficial en el que confirma la salida del piloto argentino.El arrecife\u00f1o volver\u00eda a la Argentina para correr con un Chevrolet Camaro en el Turismo Carretera.<\/p>","protected":false},"excerpt":{"rendered":"<p>El equipo emiti\u00f3 un comunicado oficial en el que confirma la salida del piloto argentino.El&#8230;<\/p>\n","protected":false},"author":0,"featured_media":0,"comment_status":"open","ping_status":"open","sticky":false,"template":"","format":"standard","meta":{"footnotes":""},"categories":[6],"tags":[],"class_list":["post-1100","post","type-post","status-publish","format-standard","has-post-thumbnail","hentry","category-deportes"],"_links":{"self":[{"href":"https:\/\/masquenoticiastucuman.com.ar\/index.php?rest_route=\/wp\/v2\/posts\/1100","targetHints":{"allow":["GET"]}}],"collection":[{"href":"https:\/\/masquenoticiastucuman.com.ar\/index.php?rest_route=\/wp\/v2\/posts"}],"about":[{"href":"https:\/\/masquenoticiastucuman.com.ar\/index.php?rest_route=\/wp\/v2\/types\/post"}],"replies":[{"embeddable":true,"href":"https:\/\/masquenoticiastucuman.com.ar\/index.php?rest_route=%2Fwp%2Fv2%2Fcomments&post=1100"}],"version-history":[{"count":0,"href":"https:\/\/masquenoticiastucuman.com.ar\/index.php?rest_route=\/wp\/v2\/posts\/1100\/revisions"}],"wp:attachment":[{"href":"https:\/\/masquenoticiastucuman.com.ar\/index.php?rest_route=%2Fwp%2Fv2%2Fmedia&parent=1100"}],"wp:term":[{"taxonomy":"category","embeddable":true,"href":"https:\/\/masquenoticiastucuman.com.ar\/index.php?rest_route=%2Fwp%2Fv2%2Fcategories&post=1100"},{"taxonomy":"post_tag","embeddable":true,"href":"https:\/\/masquenoticiastucuman.com.ar\/index.php?rest_route=%2Fwp%2Fv2%2Ftags&post=1100"}],"curies":[{"name":"wp","href":"https:\/\/api.w.org\/{rel}","templated":true}]}}