{"id":1106,"date":"2024-08-07T16:01:02","date_gmt":"2024-08-07T19:01:02","guid":{"rendered":"http:\/\/masquenoticiastucuman.com.ar\/?p=1106"},"modified":"2024-08-07T16:01:02","modified_gmt":"2024-08-07T19:01:02","slug":"es-tiempo-de-ayudar-el-secretario-de-agricultura-valoro-el-rol-de-los-productores-y-remarco-las-ultimas-medidas-del-gobierno-de-javier-milei","status":"publish","type":"post","link":"https:\/\/masquenoticiastucuman.com.ar\/?p=1106","title":{"rendered":"&#8220;Es tiempo de ayudar&#8221;: el Secretario de Agricultura valor\u00f3 el rol de los productores y remarc\u00f3 las \u00faltimas medidas del gobierno de Javier Milei"},"content":{"rendered":"<p>Sergio Iraeta estuvo en la acto de inauguraci\u00f3n del Congreso de Aapresid.El evento se desarrollar\u00e1 desde hoy al viernes en la Rural de Palermo.<\/p>","protected":false},"excerpt":{"rendered":"<p>Sergio Iraeta estuvo en la acto de inauguraci\u00f3n del Congreso de Aapresid.El evento se desarrollar\u00e1&#8230;<\/p>\n","protected":false},"author":0,"featured_media":0,"comment_status":"open","ping_status":"open","sticky":false,"template":"","format":"standard","meta":{"footnotes":""},"categories":[1],"tags":[],"class_list":["post-1106","post","type-post","status-publish","format-standard","has-post-thumbnail","hentry","category-uncategorized"],"_links":{"self":[{"href":"https:\/\/masquenoticiastucuman.com.ar\/index.php?rest_route=\/wp\/v2\/posts\/1106","targetHints":{"allow":["GET"]}}],"collection":[{"href":"https:\/\/masquenoticiastucuman.com.ar\/index.php?rest_route=\/wp\/v2\/posts"}],"about":[{"href":"https:\/\/masquenoticiastucuman.com.ar\/index.php?rest_route=\/wp\/v2\/types\/post"}],"replies":[{"embeddable":true,"href":"https:\/\/masquenoticiastucuman.com.ar\/index.php?rest_route=%2Fwp%2Fv2%2Fcomments&post=1106"}],"version-history":[{"count":0,"href":"https:\/\/masquenoticiastucuman.com.ar\/index.php?rest_route=\/wp\/v2\/posts\/1106\/revisions"}],"wp:attachment":[{"href":"https:\/\/masquenoticiastucuman.com.ar\/index.php?rest_route=%2Fwp%2Fv2%2Fmedia&parent=1106"}],"wp:term":[{"taxonomy":"category","embeddable":true,"href":"https:\/\/masquenoticiastucuman.com.ar\/index.php?rest_route=%2Fwp%2Fv2%2Fcategories&post=1106"},{"taxonomy":"post_tag","embeddable":true,"href":"https:\/\/masquenoticiastucuman.com.ar\/index.php?rest_route=%2Fwp%2Fv2%2Ftags&post=1106"}],"curies":[{"name":"wp","href":"https:\/\/api.w.org\/{rel}","templated":true}]}}