{"id":1107,"date":"2024-08-07T16:01:02","date_gmt":"2024-08-07T19:01:02","guid":{"rendered":"http:\/\/masquenoticiastucuman.com.ar\/?p=1107"},"modified":"2024-08-07T16:01:02","modified_gmt":"2024-08-07T19:01:02","slug":"hay-esperanza-en-el-rumbo-tomado-el-presidente-de-aapresid-hablo-de-la-agricultura-actual-y-planteo-los-desafios-a-futuro","status":"publish","type":"post","link":"https:\/\/masquenoticiastucuman.com.ar\/?p=1107","title":{"rendered":"&#8220;Hay esperanza en el rumbo tomado&#8221;: el presidente de Aapresid habl\u00f3 de la agricultura actual y plante\u00f3 los desaf\u00edos a futuro"},"content":{"rendered":"<p>Marcelo Torres inaugur\u00f3 una nueva edici\u00f3n del Congreso de Aapresid.Habl\u00f3 de &#8220;la necesidad de seguir dando se\u00f1ales concretas que liberen todo el potencial del agro argentino&#8221;.<\/p>","protected":false},"excerpt":{"rendered":"<p>Marcelo Torres inaugur\u00f3 una nueva edici\u00f3n del Congreso de Aapresid.Habl\u00f3 de &#8220;la necesidad de seguir&#8230;<\/p>\n","protected":false},"author":0,"featured_media":0,"comment_status":"open","ping_status":"open","sticky":false,"template":"","format":"standard","meta":{"footnotes":""},"categories":[1],"tags":[],"class_list":["post-1107","post","type-post","status-publish","format-standard","has-post-thumbnail","hentry","category-uncategorized"],"_links":{"self":[{"href":"https:\/\/masquenoticiastucuman.com.ar\/index.php?rest_route=\/wp\/v2\/posts\/1107","targetHints":{"allow":["GET"]}}],"collection":[{"href":"https:\/\/masquenoticiastucuman.com.ar\/index.php?rest_route=\/wp\/v2\/posts"}],"about":[{"href":"https:\/\/masquenoticiastucuman.com.ar\/index.php?rest_route=\/wp\/v2\/types\/post"}],"replies":[{"embeddable":true,"href":"https:\/\/masquenoticiastucuman.com.ar\/index.php?rest_route=%2Fwp%2Fv2%2Fcomments&post=1107"}],"version-history":[{"count":0,"href":"https:\/\/masquenoticiastucuman.com.ar\/index.php?rest_route=\/wp\/v2\/posts\/1107\/revisions"}],"wp:attachment":[{"href":"https:\/\/masquenoticiastucuman.com.ar\/index.php?rest_route=%2Fwp%2Fv2%2Fmedia&parent=1107"}],"wp:term":[{"taxonomy":"category","embeddable":true,"href":"https:\/\/masquenoticiastucuman.com.ar\/index.php?rest_route=%2Fwp%2Fv2%2Fcategories&post=1107"},{"taxonomy":"post_tag","embeddable":true,"href":"https:\/\/masquenoticiastucuman.com.ar\/index.php?rest_route=%2Fwp%2Fv2%2Ftags&post=1107"}],"curies":[{"name":"wp","href":"https:\/\/api.w.org\/{rel}","templated":true}]}}