{"id":1108,"date":"2024-08-07T16:01:03","date_gmt":"2024-08-07T19:01:03","guid":{"rendered":"http:\/\/masquenoticiastucuman.com.ar\/?p=1108"},"modified":"2024-08-07T16:01:03","modified_gmt":"2024-08-07T19:01:03","slug":"semigiro-y-doble-patada-a-la-cabeza-la-increible-tecnica-que-sorprendio-en-el-taekwondo-de-los-juegos-olimpicos","status":"publish","type":"post","link":"https:\/\/masquenoticiastucuman.com.ar\/?p=1108","title":{"rendered":"Semigiro y doble patada a la cabeza: la incre\u00edble t\u00e9cnica que sorprendi\u00f3 en el taekwondo de los Juegos Ol\u00edmpicos"},"content":{"rendered":"<p>El surcoreano Park Tae-Joon mostr\u00f3 su destreza en fase de clasificaci\u00f3n.Con una combinaci\u00f3n magistral se luci\u00f3 ante el venezolano Granado.El video de su espectacular movimiento dio la vuelta al mundo.<\/p>","protected":false},"excerpt":{"rendered":"<p>El surcoreano Park Tae-Joon mostr\u00f3 su destreza en fase de clasificaci\u00f3n.Con una combinaci\u00f3n magistral se&#8230;<\/p>\n","protected":false},"author":0,"featured_media":0,"comment_status":"open","ping_status":"open","sticky":false,"template":"","format":"standard","meta":{"footnotes":""},"categories":[6],"tags":[],"class_list":["post-1108","post","type-post","status-publish","format-standard","has-post-thumbnail","hentry","category-deportes"],"_links":{"self":[{"href":"https:\/\/masquenoticiastucuman.com.ar\/index.php?rest_route=\/wp\/v2\/posts\/1108","targetHints":{"allow":["GET"]}}],"collection":[{"href":"https:\/\/masquenoticiastucuman.com.ar\/index.php?rest_route=\/wp\/v2\/posts"}],"about":[{"href":"https:\/\/masquenoticiastucuman.com.ar\/index.php?rest_route=\/wp\/v2\/types\/post"}],"replies":[{"embeddable":true,"href":"https:\/\/masquenoticiastucuman.com.ar\/index.php?rest_route=%2Fwp%2Fv2%2Fcomments&post=1108"}],"version-history":[{"count":0,"href":"https:\/\/masquenoticiastucuman.com.ar\/index.php?rest_route=\/wp\/v2\/posts\/1108\/revisions"}],"wp:attachment":[{"href":"https:\/\/masquenoticiastucuman.com.ar\/index.php?rest_route=%2Fwp%2Fv2%2Fmedia&parent=1108"}],"wp:term":[{"taxonomy":"category","embeddable":true,"href":"https:\/\/masquenoticiastucuman.com.ar\/index.php?rest_route=%2Fwp%2Fv2%2Fcategories&post=1108"},{"taxonomy":"post_tag","embeddable":true,"href":"https:\/\/masquenoticiastucuman.com.ar\/index.php?rest_route=%2Fwp%2Fv2%2Ftags&post=1108"}],"curies":[{"name":"wp","href":"https:\/\/api.w.org\/{rel}","templated":true}]}}