{"id":1136,"date":"2024-08-07T20:01:02","date_gmt":"2024-08-07T23:01:02","guid":{"rendered":"http:\/\/masquenoticiastucuman.com.ar\/?p=1136"},"modified":"2024-08-07T20:01:02","modified_gmt":"2024-08-07T23:01:02","slug":"fabricio-bustos-se-planto-en-brasil-y-viene-a-river-para-que-lo-dirija-gallardo-podria-llegar-para-el-duelo-ante-talleres-por-la-libertadores","status":"publish","type":"post","link":"https:\/\/masquenoticiastucuman.com.ar\/?p=1136","title":{"rendered":"Fabricio Bustos se plant\u00f3 en Brasil y viene a River para que lo dirija Gallardo: podr\u00eda llegar para el duelo ante Talleres por la Libertadores"},"content":{"rendered":"<p>El lateral derecho les manifest\u00f3 a los dirigentes de Inter de Porto Alegre su deseo de jugar en el Millonario.El club cerrar\u00eda su incorporaci\u00f3n a cambio de 4 millones de d\u00f3lares.Si firma en lo inmediato podr\u00eda entrar en la lista para la Copa.<\/p>","protected":false},"excerpt":{"rendered":"<p>El lateral derecho les manifest\u00f3 a los dirigentes de Inter de Porto Alegre su deseo&#8230;<\/p>\n","protected":false},"author":0,"featured_media":0,"comment_status":"open","ping_status":"open","sticky":false,"template":"","format":"standard","meta":{"footnotes":""},"categories":[6],"tags":[],"class_list":["post-1136","post","type-post","status-publish","format-standard","has-post-thumbnail","hentry","category-deportes"],"_links":{"self":[{"href":"https:\/\/masquenoticiastucuman.com.ar\/index.php?rest_route=\/wp\/v2\/posts\/1136","targetHints":{"allow":["GET"]}}],"collection":[{"href":"https:\/\/masquenoticiastucuman.com.ar\/index.php?rest_route=\/wp\/v2\/posts"}],"about":[{"href":"https:\/\/masquenoticiastucuman.com.ar\/index.php?rest_route=\/wp\/v2\/types\/post"}],"replies":[{"embeddable":true,"href":"https:\/\/masquenoticiastucuman.com.ar\/index.php?rest_route=%2Fwp%2Fv2%2Fcomments&post=1136"}],"version-history":[{"count":0,"href":"https:\/\/masquenoticiastucuman.com.ar\/index.php?rest_route=\/wp\/v2\/posts\/1136\/revisions"}],"wp:attachment":[{"href":"https:\/\/masquenoticiastucuman.com.ar\/index.php?rest_route=%2Fwp%2Fv2%2Fmedia&parent=1136"}],"wp:term":[{"taxonomy":"category","embeddable":true,"href":"https:\/\/masquenoticiastucuman.com.ar\/index.php?rest_route=%2Fwp%2Fv2%2Fcategories&post=1136"},{"taxonomy":"post_tag","embeddable":true,"href":"https:\/\/masquenoticiastucuman.com.ar\/index.php?rest_route=%2Fwp%2Fv2%2Ftags&post=1136"}],"curies":[{"name":"wp","href":"https:\/\/api.w.org\/{rel}","templated":true}]}}