{"id":1212,"date":"2024-08-08T10:01:02","date_gmt":"2024-08-08T13:01:02","guid":{"rendered":"http:\/\/masquenoticiastucuman.com.ar\/?p=1212"},"modified":"2024-08-08T10:01:02","modified_gmt":"2024-08-08T13:01:02","slug":"tres-dias-sin-agroexportacion-por-un-paro-de-aceiteros-es-incomprensible-que-rechacen-un-aumento-muy-superior-a-la-inflacion","status":"publish","type":"post","link":"https:\/\/masquenoticiastucuman.com.ar\/?p=1212","title":{"rendered":"Tres d\u00edas sin agroexportaci\u00f3n por un paro de aceiteros: &#8220;Es incomprensible que rechacen un aumento muy superior a la inflaci\u00f3n&#8221;"},"content":{"rendered":"<p>Hay 14 terminales portuarias afectadas en el Gran Rosario.La suba salarial ofrecida supera a la inflaci\u00f3n pero el gremio lo rechaza.M\u00e1s del 60% de los trabajadores gana m\u00e1s de $2,8 millones.<\/p>","protected":false},"excerpt":{"rendered":"<p>Hay 14 terminales portuarias afectadas en el Gran Rosario.La suba salarial ofrecida supera a la&#8230;<\/p>\n","protected":false},"author":0,"featured_media":0,"comment_status":"open","ping_status":"open","sticky":false,"template":"","format":"standard","meta":{"footnotes":""},"categories":[1],"tags":[],"class_list":["post-1212","post","type-post","status-publish","format-standard","has-post-thumbnail","hentry","category-uncategorized"],"_links":{"self":[{"href":"https:\/\/masquenoticiastucuman.com.ar\/index.php?rest_route=\/wp\/v2\/posts\/1212","targetHints":{"allow":["GET"]}}],"collection":[{"href":"https:\/\/masquenoticiastucuman.com.ar\/index.php?rest_route=\/wp\/v2\/posts"}],"about":[{"href":"https:\/\/masquenoticiastucuman.com.ar\/index.php?rest_route=\/wp\/v2\/types\/post"}],"replies":[{"embeddable":true,"href":"https:\/\/masquenoticiastucuman.com.ar\/index.php?rest_route=%2Fwp%2Fv2%2Fcomments&post=1212"}],"version-history":[{"count":0,"href":"https:\/\/masquenoticiastucuman.com.ar\/index.php?rest_route=\/wp\/v2\/posts\/1212\/revisions"}],"wp:attachment":[{"href":"https:\/\/masquenoticiastucuman.com.ar\/index.php?rest_route=%2Fwp%2Fv2%2Fmedia&parent=1212"}],"wp:term":[{"taxonomy":"category","embeddable":true,"href":"https:\/\/masquenoticiastucuman.com.ar\/index.php?rest_route=%2Fwp%2Fv2%2Fcategories&post=1212"},{"taxonomy":"post_tag","embeddable":true,"href":"https:\/\/masquenoticiastucuman.com.ar\/index.php?rest_route=%2Fwp%2Fv2%2Ftags&post=1212"}],"curies":[{"name":"wp","href":"https:\/\/api.w.org\/{rel}","templated":true}]}}