{"id":1225,"date":"2024-08-08T11:01:03","date_gmt":"2024-08-08T14:01:03","guid":{"rendered":"http:\/\/masquenoticiastucuman.com.ar\/?p=1225"},"modified":"2024-08-08T11:01:03","modified_gmt":"2024-08-08T14:01:03","slug":"como-sigue-la-salud-de-lamecha-girma-el-atleta-que-se-desplomo-en-plena-pista-de-los-juegos-olimpicos","status":"publish","type":"post","link":"https:\/\/masquenoticiastucuman.com.ar\/?p=1225","title":{"rendered":"C\u00f3mo sigue la salud de Lamecha Girma, el atleta que se desplom\u00f3 en plena pista de los Juegos Ol\u00edmpicos"},"content":{"rendered":"<p>El et\u00edope sufri\u00f3 una ca\u00edda durante la final de los 3 mil metros con obst\u00e1culos.Tuvo que ser atendido en la pista y retirado en camilla, inconsciente.Hablaron sus entrenadores y conf\u00edan en su recuperaci\u00f3n.<\/p>","protected":false},"excerpt":{"rendered":"<p>El et\u00edope sufri\u00f3 una ca\u00edda durante la final de los 3 mil metros con obst\u00e1culos.Tuvo&#8230;<\/p>\n","protected":false},"author":0,"featured_media":0,"comment_status":"open","ping_status":"open","sticky":false,"template":"","format":"standard","meta":{"footnotes":""},"categories":[6],"tags":[],"class_list":["post-1225","post","type-post","status-publish","format-standard","has-post-thumbnail","hentry","category-deportes"],"_links":{"self":[{"href":"https:\/\/masquenoticiastucuman.com.ar\/index.php?rest_route=\/wp\/v2\/posts\/1225","targetHints":{"allow":["GET"]}}],"collection":[{"href":"https:\/\/masquenoticiastucuman.com.ar\/index.php?rest_route=\/wp\/v2\/posts"}],"about":[{"href":"https:\/\/masquenoticiastucuman.com.ar\/index.php?rest_route=\/wp\/v2\/types\/post"}],"replies":[{"embeddable":true,"href":"https:\/\/masquenoticiastucuman.com.ar\/index.php?rest_route=%2Fwp%2Fv2%2Fcomments&post=1225"}],"version-history":[{"count":0,"href":"https:\/\/masquenoticiastucuman.com.ar\/index.php?rest_route=\/wp\/v2\/posts\/1225\/revisions"}],"wp:attachment":[{"href":"https:\/\/masquenoticiastucuman.com.ar\/index.php?rest_route=%2Fwp%2Fv2%2Fmedia&parent=1225"}],"wp:term":[{"taxonomy":"category","embeddable":true,"href":"https:\/\/masquenoticiastucuman.com.ar\/index.php?rest_route=%2Fwp%2Fv2%2Fcategories&post=1225"},{"taxonomy":"post_tag","embeddable":true,"href":"https:\/\/masquenoticiastucuman.com.ar\/index.php?rest_route=%2Fwp%2Fv2%2Ftags&post=1225"}],"curies":[{"name":"wp","href":"https:\/\/api.w.org\/{rel}","templated":true}]}}