{"id":1281,"date":"2024-08-08T17:01:02","date_gmt":"2024-08-08T20:01:02","guid":{"rendered":"http:\/\/masquenoticiastucuman.com.ar\/?p=1281"},"modified":"2024-08-08T17:01:02","modified_gmt":"2024-08-08T20:01:02","slug":"gonzalo-peillat-se-quedo-con-las-ganas-de-ser-bicampeon-olimpico-paises-bajos-se-llevo-el-oro-y-termino-con-el-sueno-de-alemania","status":"publish","type":"post","link":"https:\/\/masquenoticiastucuman.com.ar\/?p=1281","title":{"rendered":"Gonzalo Peillat se qued\u00f3 con las ganas de ser bicampe\u00f3n ol\u00edmpico: Pa\u00edses Bajos se llev\u00f3 el oro y termin\u00f3 con el sue\u00f1o de Alemania"},"content":{"rendered":"<p>El defensor, campe\u00f3n con Argentina en R\u00edo 2016, fue titular en el seleccionado europeo.Tras el empate 1-1 en el tiempo regular, el arquero neerland\u00e9s Pirmin Blaack se luci\u00f3 en los penales australianos para la victoria por 3 a 1.<\/p>","protected":false},"excerpt":{"rendered":"<p>El defensor, campe\u00f3n con Argentina en R\u00edo 2016, fue titular en el seleccionado europeo.Tras el&#8230;<\/p>\n","protected":false},"author":0,"featured_media":0,"comment_status":"open","ping_status":"open","sticky":false,"template":"","format":"standard","meta":{"footnotes":""},"categories":[6],"tags":[],"class_list":["post-1281","post","type-post","status-publish","format-standard","has-post-thumbnail","hentry","category-deportes"],"_links":{"self":[{"href":"https:\/\/masquenoticiastucuman.com.ar\/index.php?rest_route=\/wp\/v2\/posts\/1281","targetHints":{"allow":["GET"]}}],"collection":[{"href":"https:\/\/masquenoticiastucuman.com.ar\/index.php?rest_route=\/wp\/v2\/posts"}],"about":[{"href":"https:\/\/masquenoticiastucuman.com.ar\/index.php?rest_route=\/wp\/v2\/types\/post"}],"replies":[{"embeddable":true,"href":"https:\/\/masquenoticiastucuman.com.ar\/index.php?rest_route=%2Fwp%2Fv2%2Fcomments&post=1281"}],"version-history":[{"count":0,"href":"https:\/\/masquenoticiastucuman.com.ar\/index.php?rest_route=\/wp\/v2\/posts\/1281\/revisions"}],"wp:attachment":[{"href":"https:\/\/masquenoticiastucuman.com.ar\/index.php?rest_route=%2Fwp%2Fv2%2Fmedia&parent=1281"}],"wp:term":[{"taxonomy":"category","embeddable":true,"href":"https:\/\/masquenoticiastucuman.com.ar\/index.php?rest_route=%2Fwp%2Fv2%2Fcategories&post=1281"},{"taxonomy":"post_tag","embeddable":true,"href":"https:\/\/masquenoticiastucuman.com.ar\/index.php?rest_route=%2Fwp%2Fv2%2Ftags&post=1281"}],"curies":[{"name":"wp","href":"https:\/\/api.w.org\/{rel}","templated":true}]}}