{"id":1282,"date":"2024-08-08T17:01:02","date_gmt":"2024-08-08T20:01:02","guid":{"rendered":"http:\/\/masquenoticiastucuman.com.ar\/?p=1282"},"modified":"2024-08-08T17:01:02","modified_gmt":"2024-08-08T20:01:02","slug":"eugenia-bosco-y-mateo-majdalani-los-navegantes-de-plata-en-paris-2024-van-por-mas-hay-pareja-para-rato","status":"publish","type":"post","link":"https:\/\/masquenoticiastucuman.com.ar\/?p=1282","title":{"rendered":"Eugenia Bosco y Mateo Majdalani, los navegantes de plata en Par\u00eds 2024 van por m\u00e1s: &#8220;Hay pareja para rato&#8221;"},"content":{"rendered":"<p>Los argentinos, segundos en la clase Nacra 17 y 11\u00b0 medalla ol\u00edmpica para el yachting nacional, anunciaron que seguir\u00e1n compitiendo juntos.C\u00f3mo fue la convivencia desde mayo en la isla de Frioul, donde se instalaron para entrenar.Y aquel llamado de Mateo a Eugenia: &#8220;No pod\u00eda creerlo, \u00e9l ven\u00eda de ganar una medalla como entrenador de Santiago Lange&#8221;.<\/p>","protected":false},"excerpt":{"rendered":"<p>Los argentinos, segundos en la clase Nacra 17 y 11\u00b0 medalla ol\u00edmpica para el yachting&#8230;<\/p>\n","protected":false},"author":0,"featured_media":0,"comment_status":"open","ping_status":"open","sticky":false,"template":"","format":"standard","meta":{"footnotes":""},"categories":[6],"tags":[],"class_list":["post-1282","post","type-post","status-publish","format-standard","has-post-thumbnail","hentry","category-deportes"],"_links":{"self":[{"href":"https:\/\/masquenoticiastucuman.com.ar\/index.php?rest_route=\/wp\/v2\/posts\/1282","targetHints":{"allow":["GET"]}}],"collection":[{"href":"https:\/\/masquenoticiastucuman.com.ar\/index.php?rest_route=\/wp\/v2\/posts"}],"about":[{"href":"https:\/\/masquenoticiastucuman.com.ar\/index.php?rest_route=\/wp\/v2\/types\/post"}],"replies":[{"embeddable":true,"href":"https:\/\/masquenoticiastucuman.com.ar\/index.php?rest_route=%2Fwp%2Fv2%2Fcomments&post=1282"}],"version-history":[{"count":0,"href":"https:\/\/masquenoticiastucuman.com.ar\/index.php?rest_route=\/wp\/v2\/posts\/1282\/revisions"}],"wp:attachment":[{"href":"https:\/\/masquenoticiastucuman.com.ar\/index.php?rest_route=%2Fwp%2Fv2%2Fmedia&parent=1282"}],"wp:term":[{"taxonomy":"category","embeddable":true,"href":"https:\/\/masquenoticiastucuman.com.ar\/index.php?rest_route=%2Fwp%2Fv2%2Fcategories&post=1282"},{"taxonomy":"post_tag","embeddable":true,"href":"https:\/\/masquenoticiastucuman.com.ar\/index.php?rest_route=%2Fwp%2Fv2%2Ftags&post=1282"}],"curies":[{"name":"wp","href":"https:\/\/api.w.org\/{rel}","templated":true}]}}