{"id":1289,"date":"2024-08-08T18:01:03","date_gmt":"2024-08-08T21:01:03","guid":{"rendered":"http:\/\/masquenoticiastucuman.com.ar\/?p=1289"},"modified":"2024-08-08T18:01:03","modified_gmt":"2024-08-08T21:01:03","slug":"san-lorenzo-al-rojo-vivo-el-presidente-moretti-tiene-decidido-apartar-a-ortigoza-del-futbol-del-ciclon","status":"publish","type":"post","link":"https:\/\/masquenoticiastucuman.com.ar\/?p=1289","title":{"rendered":"San Lorenzo, al rojo vivo: el presidente Moretti tiene decidido apartar a Ortigoza del f\u00fatbol del Cicl\u00f3n"},"content":{"rendered":"<p>Tom\u00f3 la determinaci\u00f3n despu\u00e9s de los dichos del ex mediocampista, quien critic\u00f3 los manejos de la conducci\u00f3n del club.&#8221;No hay vuelta atr\u00e1s&#8221;, sentenci\u00f3 una importante voz desde Avenida La Plata a Clar\u00edn.<\/p>\n<p><\/p>","protected":false},"excerpt":{"rendered":"<p>Tom\u00f3 la determinaci\u00f3n despu\u00e9s de los dichos del ex mediocampista, quien critic\u00f3 los manejos de&#8230;<\/p>\n","protected":false},"author":0,"featured_media":0,"comment_status":"open","ping_status":"open","sticky":false,"template":"","format":"standard","meta":{"footnotes":""},"categories":[6],"tags":[],"class_list":["post-1289","post","type-post","status-publish","format-standard","has-post-thumbnail","hentry","category-deportes"],"_links":{"self":[{"href":"https:\/\/masquenoticiastucuman.com.ar\/index.php?rest_route=\/wp\/v2\/posts\/1289","targetHints":{"allow":["GET"]}}],"collection":[{"href":"https:\/\/masquenoticiastucuman.com.ar\/index.php?rest_route=\/wp\/v2\/posts"}],"about":[{"href":"https:\/\/masquenoticiastucuman.com.ar\/index.php?rest_route=\/wp\/v2\/types\/post"}],"replies":[{"embeddable":true,"href":"https:\/\/masquenoticiastucuman.com.ar\/index.php?rest_route=%2Fwp%2Fv2%2Fcomments&post=1289"}],"version-history":[{"count":0,"href":"https:\/\/masquenoticiastucuman.com.ar\/index.php?rest_route=\/wp\/v2\/posts\/1289\/revisions"}],"wp:attachment":[{"href":"https:\/\/masquenoticiastucuman.com.ar\/index.php?rest_route=%2Fwp%2Fv2%2Fmedia&parent=1289"}],"wp:term":[{"taxonomy":"category","embeddable":true,"href":"https:\/\/masquenoticiastucuman.com.ar\/index.php?rest_route=%2Fwp%2Fv2%2Fcategories&post=1289"},{"taxonomy":"post_tag","embeddable":true,"href":"https:\/\/masquenoticiastucuman.com.ar\/index.php?rest_route=%2Fwp%2Fv2%2Ftags&post=1289"}],"curies":[{"name":"wp","href":"https:\/\/api.w.org\/{rel}","templated":true}]}}