{"id":1290,"date":"2024-08-08T18:01:03","date_gmt":"2024-08-08T21:01:03","guid":{"rendered":"http:\/\/masquenoticiastucuman.com.ar\/?p=1290"},"modified":"2024-08-08T18:01:03","modified_gmt":"2024-08-08T21:01:03","slug":"murio-ahogado-el-atleta-serbio-lazar-dukic-en-la-inauguracion-de-los-crossfit-games-2024-la-organizacion-apuntada-por-no-contar-con-guardavidas","status":"publish","type":"post","link":"https:\/\/masquenoticiastucuman.com.ar\/?p=1290","title":{"rendered":"Muri\u00f3 ahogado el atleta serbio Lazar Dukic en la inauguraci\u00f3n de los CrossFit Games 2024: la organizaci\u00f3n, apuntada por no contar con guardavidas"},"content":{"rendered":"<p>El atleta de 28 a\u00f1os muri\u00f3 ahogado en el lago Fort Worth, en Texas, Estados Unidos.All\u00ed disputaba la prueba inaugural del evento que consist\u00eda en un triatl\u00f3n.En un video se lo ve con dificultades para nadar, a pocos metros de la orilla ante los ojos de todos los presentes: no hab\u00eda equipo de rescate.<\/p>","protected":false},"excerpt":{"rendered":"<p>El atleta de 28 a\u00f1os muri\u00f3 ahogado en el lago Fort Worth, en Texas, Estados&#8230;<\/p>\n","protected":false},"author":0,"featured_media":0,"comment_status":"open","ping_status":"open","sticky":false,"template":"","format":"standard","meta":{"footnotes":""},"categories":[6],"tags":[],"class_list":["post-1290","post","type-post","status-publish","format-standard","has-post-thumbnail","hentry","category-deportes"],"_links":{"self":[{"href":"https:\/\/masquenoticiastucuman.com.ar\/index.php?rest_route=\/wp\/v2\/posts\/1290","targetHints":{"allow":["GET"]}}],"collection":[{"href":"https:\/\/masquenoticiastucuman.com.ar\/index.php?rest_route=\/wp\/v2\/posts"}],"about":[{"href":"https:\/\/masquenoticiastucuman.com.ar\/index.php?rest_route=\/wp\/v2\/types\/post"}],"replies":[{"embeddable":true,"href":"https:\/\/masquenoticiastucuman.com.ar\/index.php?rest_route=%2Fwp%2Fv2%2Fcomments&post=1290"}],"version-history":[{"count":0,"href":"https:\/\/masquenoticiastucuman.com.ar\/index.php?rest_route=\/wp\/v2\/posts\/1290\/revisions"}],"wp:attachment":[{"href":"https:\/\/masquenoticiastucuman.com.ar\/index.php?rest_route=%2Fwp%2Fv2%2Fmedia&parent=1290"}],"wp:term":[{"taxonomy":"category","embeddable":true,"href":"https:\/\/masquenoticiastucuman.com.ar\/index.php?rest_route=%2Fwp%2Fv2%2Fcategories&post=1290"},{"taxonomy":"post_tag","embeddable":true,"href":"https:\/\/masquenoticiastucuman.com.ar\/index.php?rest_route=%2Fwp%2Fv2%2Ftags&post=1290"}],"curies":[{"name":"wp","href":"https:\/\/api.w.org\/{rel}","templated":true}]}}