{"id":1303,"date":"2024-08-08T20:01:04","date_gmt":"2024-08-08T23:01:04","guid":{"rendered":"http:\/\/masquenoticiastucuman.com.ar\/?p=1303"},"modified":"2024-08-08T20:01:04","modified_gmt":"2024-08-08T23:01:04","slug":"german-pezzella-otro-campeon-del-mundo-en-nunez-river-presento-al-defensor-que-llega-para-cumplir-el-deseo-de-gallardo","status":"publish","type":"post","link":"https:\/\/masquenoticiastucuman.com.ar\/?p=1303","title":{"rendered":"Germ\u00e1n Pezzella, otro campe\u00f3n del mundo en N\u00fa\u00f1ez: River present\u00f3 al defensor que llega para cumplir el deseo de Gallardo"},"content":{"rendered":"<p>El futbolista de 33 a\u00f1os es el primero de la Scaloneta en regresar a jugar al pa\u00eds.Junto a Franco Armani ser\u00e1n los dos integrantes del plantel que se consagr\u00f3 en Qatar 2022 que jugar\u00e1n en el Millonario.&#8221;Gallardo es el gran responsable de que est\u00e9 ac\u00e1&#8221;, dijo.<\/p>","protected":false},"excerpt":{"rendered":"<p>El futbolista de 33 a\u00f1os es el primero de la Scaloneta en regresar a jugar&#8230;<\/p>\n","protected":false},"author":0,"featured_media":0,"comment_status":"open","ping_status":"open","sticky":false,"template":"","format":"standard","meta":{"footnotes":""},"categories":[6],"tags":[],"class_list":["post-1303","post","type-post","status-publish","format-standard","has-post-thumbnail","hentry","category-deportes"],"_links":{"self":[{"href":"https:\/\/masquenoticiastucuman.com.ar\/index.php?rest_route=\/wp\/v2\/posts\/1303","targetHints":{"allow":["GET"]}}],"collection":[{"href":"https:\/\/masquenoticiastucuman.com.ar\/index.php?rest_route=\/wp\/v2\/posts"}],"about":[{"href":"https:\/\/masquenoticiastucuman.com.ar\/index.php?rest_route=\/wp\/v2\/types\/post"}],"replies":[{"embeddable":true,"href":"https:\/\/masquenoticiastucuman.com.ar\/index.php?rest_route=%2Fwp%2Fv2%2Fcomments&post=1303"}],"version-history":[{"count":0,"href":"https:\/\/masquenoticiastucuman.com.ar\/index.php?rest_route=\/wp\/v2\/posts\/1303\/revisions"}],"wp:attachment":[{"href":"https:\/\/masquenoticiastucuman.com.ar\/index.php?rest_route=%2Fwp%2Fv2%2Fmedia&parent=1303"}],"wp:term":[{"taxonomy":"category","embeddable":true,"href":"https:\/\/masquenoticiastucuman.com.ar\/index.php?rest_route=%2Fwp%2Fv2%2Fcategories&post=1303"},{"taxonomy":"post_tag","embeddable":true,"href":"https:\/\/masquenoticiastucuman.com.ar\/index.php?rest_route=%2Fwp%2Fv2%2Ftags&post=1303"}],"curies":[{"name":"wp","href":"https:\/\/api.w.org\/{rel}","templated":true}]}}