{"id":1375,"date":"2024-08-09T12:01:03","date_gmt":"2024-08-09T15:01:03","guid":{"rendered":"http:\/\/masquenoticiastucuman.com.ar\/?p=1375"},"modified":"2024-08-09T12:01:03","modified_gmt":"2024-08-09T15:01:03","slug":"river-vs-huracan-en-el-regreso-de-marcelo-gallardo-por-la-liga-profesional-formaciones-a-que-hora-juegan-donde-y-como-verlo","status":"publish","type":"post","link":"https:\/\/masquenoticiastucuman.com.ar\/?p=1375","title":{"rendered":"River vs Hurac\u00e1n en el regreso de Marcelo Gallardo, por la Liga Profesional: formaciones, a qu\u00e9 hora juegan, d\u00f3nde y c\u00f3mo verlo"},"content":{"rendered":"<p>El Monumental tendr\u00e1 lleno total a la espera del Mu\u00f1eco.El equipo ya despidi\u00f3 a Demichelis y recibe al DT que fue leyenda.El Globo, l\u00edder del certamen, querr\u00e1 aguarle la fiesta.<\/p>","protected":false},"excerpt":{"rendered":"<p>El Monumental tendr\u00e1 lleno total a la espera del Mu\u00f1eco.El equipo ya despidi\u00f3 a Demichelis&#8230;<\/p>\n","protected":false},"author":0,"featured_media":0,"comment_status":"open","ping_status":"open","sticky":false,"template":"","format":"standard","meta":{"footnotes":""},"categories":[6],"tags":[],"class_list":["post-1375","post","type-post","status-publish","format-standard","has-post-thumbnail","hentry","category-deportes"],"_links":{"self":[{"href":"https:\/\/masquenoticiastucuman.com.ar\/index.php?rest_route=\/wp\/v2\/posts\/1375","targetHints":{"allow":["GET"]}}],"collection":[{"href":"https:\/\/masquenoticiastucuman.com.ar\/index.php?rest_route=\/wp\/v2\/posts"}],"about":[{"href":"https:\/\/masquenoticiastucuman.com.ar\/index.php?rest_route=\/wp\/v2\/types\/post"}],"replies":[{"embeddable":true,"href":"https:\/\/masquenoticiastucuman.com.ar\/index.php?rest_route=%2Fwp%2Fv2%2Fcomments&post=1375"}],"version-history":[{"count":0,"href":"https:\/\/masquenoticiastucuman.com.ar\/index.php?rest_route=\/wp\/v2\/posts\/1375\/revisions"}],"wp:attachment":[{"href":"https:\/\/masquenoticiastucuman.com.ar\/index.php?rest_route=%2Fwp%2Fv2%2Fmedia&parent=1375"}],"wp:term":[{"taxonomy":"category","embeddable":true,"href":"https:\/\/masquenoticiastucuman.com.ar\/index.php?rest_route=%2Fwp%2Fv2%2Fcategories&post=1375"},{"taxonomy":"post_tag","embeddable":true,"href":"https:\/\/masquenoticiastucuman.com.ar\/index.php?rest_route=%2Fwp%2Fv2%2Ftags&post=1375"}],"curies":[{"name":"wp","href":"https:\/\/api.w.org\/{rel}","templated":true}]}}