{"id":1416,"date":"2024-08-09T17:01:03","date_gmt":"2024-08-09T20:01:03","guid":{"rendered":"http:\/\/masquenoticiastucuman.com.ar\/?p=1416"},"modified":"2024-08-09T17:01:03","modified_gmt":"2024-08-09T20:01:03","slug":"por-que-hay-que-ser-de-un-bando-u-otro-soledad-pastorutti-estuvo-en-el-congreso-de-aapresid-y-llamo-a-cerrar-la-grieta","status":"publish","type":"post","link":"https:\/\/masquenoticiastucuman.com.ar\/?p=1416","title":{"rendered":"\u201c\u00bfPor qu\u00e9 hay que ser de un bando u otro?\u201d: Soledad Pastorutti estuvo en el Congreso de Aapresid y llam\u00f3 a cerrar la grieta"},"content":{"rendered":"<p>Durante la \u00faltima jornada del congreso, la artista y empresaria particip\u00f3 del ciclo de charlas \u201cAAPRENDER\u201d junto a otras personalidades del deporte, el agro y la gastronom\u00eda. El eje estuvo puesto en la conexi\u00f3n campo-ciudad y cada orador repas\u00f3 su experiencia de vida con un mensaje para el sector.<\/p>","protected":false},"excerpt":{"rendered":"<p>Durante la \u00faltima jornada del congreso, la artista y empresaria particip\u00f3 del ciclo de charlas&#8230;<\/p>\n","protected":false},"author":0,"featured_media":0,"comment_status":"open","ping_status":"open","sticky":false,"template":"","format":"standard","meta":{"footnotes":""},"categories":[1],"tags":[],"class_list":["post-1416","post","type-post","status-publish","format-standard","has-post-thumbnail","hentry","category-uncategorized"],"_links":{"self":[{"href":"https:\/\/masquenoticiastucuman.com.ar\/index.php?rest_route=\/wp\/v2\/posts\/1416","targetHints":{"allow":["GET"]}}],"collection":[{"href":"https:\/\/masquenoticiastucuman.com.ar\/index.php?rest_route=\/wp\/v2\/posts"}],"about":[{"href":"https:\/\/masquenoticiastucuman.com.ar\/index.php?rest_route=\/wp\/v2\/types\/post"}],"replies":[{"embeddable":true,"href":"https:\/\/masquenoticiastucuman.com.ar\/index.php?rest_route=%2Fwp%2Fv2%2Fcomments&post=1416"}],"version-history":[{"count":0,"href":"https:\/\/masquenoticiastucuman.com.ar\/index.php?rest_route=\/wp\/v2\/posts\/1416\/revisions"}],"wp:attachment":[{"href":"https:\/\/masquenoticiastucuman.com.ar\/index.php?rest_route=%2Fwp%2Fv2%2Fmedia&parent=1416"}],"wp:term":[{"taxonomy":"category","embeddable":true,"href":"https:\/\/masquenoticiastucuman.com.ar\/index.php?rest_route=%2Fwp%2Fv2%2Fcategories&post=1416"},{"taxonomy":"post_tag","embeddable":true,"href":"https:\/\/masquenoticiastucuman.com.ar\/index.php?rest_route=%2Fwp%2Fv2%2Ftags&post=1416"}],"curies":[{"name":"wp","href":"https:\/\/api.w.org\/{rel}","templated":true}]}}