{"id":1429,"date":"2024-08-09T19:01:04","date_gmt":"2024-08-09T22:01:04","guid":{"rendered":"http:\/\/masquenoticiastucuman.com.ar\/?p=1429"},"modified":"2024-08-09T19:01:04","modified_gmt":"2024-08-09T22:01:04","slug":"imane-khelif-la-boxeadora-argelina-apuntada-por-su-genero-les-respondio-a-sus-detractores-con-el-oro-en-paris-2024","status":"publish","type":"post","link":"https:\/\/masquenoticiastucuman.com.ar\/?p=1429","title":{"rendered":"Imane Khelif, la boxeadora argelina apuntada por su g\u00e9nero, les respondi\u00f3 a sus detractores con el oro en Par\u00eds 2024"},"content":{"rendered":"<p>Se consagr\u00f3 en la categor\u00eda de hasta 66 kilos tras vencer a la china Yang Liu en decisi\u00f3n un\u00e1nime.Fue en el ring emplazado en Roland Garros, en los Juegos Ol\u00edmpicos de Par\u00eds.Desde su debut, la argelina es se\u00f1alada por la cantidad de testosterona en sangre que segrega su cuerpo.<\/p>","protected":false},"excerpt":{"rendered":"<p>Se consagr\u00f3 en la categor\u00eda de hasta 66 kilos tras vencer a la china Yang&#8230;<\/p>\n","protected":false},"author":0,"featured_media":0,"comment_status":"open","ping_status":"open","sticky":false,"template":"","format":"standard","meta":{"footnotes":""},"categories":[6],"tags":[],"class_list":["post-1429","post","type-post","status-publish","format-standard","has-post-thumbnail","hentry","category-deportes"],"_links":{"self":[{"href":"https:\/\/masquenoticiastucuman.com.ar\/index.php?rest_route=\/wp\/v2\/posts\/1429","targetHints":{"allow":["GET"]}}],"collection":[{"href":"https:\/\/masquenoticiastucuman.com.ar\/index.php?rest_route=\/wp\/v2\/posts"}],"about":[{"href":"https:\/\/masquenoticiastucuman.com.ar\/index.php?rest_route=\/wp\/v2\/types\/post"}],"replies":[{"embeddable":true,"href":"https:\/\/masquenoticiastucuman.com.ar\/index.php?rest_route=%2Fwp%2Fv2%2Fcomments&post=1429"}],"version-history":[{"count":0,"href":"https:\/\/masquenoticiastucuman.com.ar\/index.php?rest_route=\/wp\/v2\/posts\/1429\/revisions"}],"wp:attachment":[{"href":"https:\/\/masquenoticiastucuman.com.ar\/index.php?rest_route=%2Fwp%2Fv2%2Fmedia&parent=1429"}],"wp:term":[{"taxonomy":"category","embeddable":true,"href":"https:\/\/masquenoticiastucuman.com.ar\/index.php?rest_route=%2Fwp%2Fv2%2Fcategories&post=1429"},{"taxonomy":"post_tag","embeddable":true,"href":"https:\/\/masquenoticiastucuman.com.ar\/index.php?rest_route=%2Fwp%2Fv2%2Ftags&post=1429"}],"curies":[{"name":"wp","href":"https:\/\/api.w.org\/{rel}","templated":true}]}}