{"id":1474,"date":"2024-08-10T07:01:02","date_gmt":"2024-08-10T10:01:02","guid":{"rendered":"http:\/\/masquenoticiastucuman.com.ar\/?p=1474"},"modified":"2024-08-10T07:01:02","modified_gmt":"2024-08-10T10:01:02","slug":"huella-de-carbono-cual-es-la-fuente-de-nitrogeno-que-sube-rindes-y-baja-la-emision-de-gases-de-efecto-invernadero","status":"publish","type":"post","link":"https:\/\/masquenoticiastucuman.com.ar\/?p=1474","title":{"rendered":"Huella de carbono: cu\u00e1l es la fuente de nitr\u00f3geno que sube rindes y baja la emisi\u00f3n de gases de efecto invernadero"},"content":{"rendered":"<p>Las mediciones se presentaron en el Congreso de Aapresid.C\u00f3mo ser m\u00e1s eficiente y sustentable en la producci\u00f3n agr\u00edcola.<\/p>","protected":false},"excerpt":{"rendered":"<p>Las mediciones se presentaron en el Congreso de Aapresid.C\u00f3mo ser m\u00e1s eficiente y sustentable en&#8230;<\/p>\n","protected":false},"author":0,"featured_media":0,"comment_status":"open","ping_status":"open","sticky":false,"template":"","format":"standard","meta":{"footnotes":""},"categories":[1],"tags":[],"class_list":["post-1474","post","type-post","status-publish","format-standard","has-post-thumbnail","hentry","category-uncategorized"],"_links":{"self":[{"href":"https:\/\/masquenoticiastucuman.com.ar\/index.php?rest_route=\/wp\/v2\/posts\/1474","targetHints":{"allow":["GET"]}}],"collection":[{"href":"https:\/\/masquenoticiastucuman.com.ar\/index.php?rest_route=\/wp\/v2\/posts"}],"about":[{"href":"https:\/\/masquenoticiastucuman.com.ar\/index.php?rest_route=\/wp\/v2\/types\/post"}],"replies":[{"embeddable":true,"href":"https:\/\/masquenoticiastucuman.com.ar\/index.php?rest_route=%2Fwp%2Fv2%2Fcomments&post=1474"}],"version-history":[{"count":0,"href":"https:\/\/masquenoticiastucuman.com.ar\/index.php?rest_route=\/wp\/v2\/posts\/1474\/revisions"}],"wp:attachment":[{"href":"https:\/\/masquenoticiastucuman.com.ar\/index.php?rest_route=%2Fwp%2Fv2%2Fmedia&parent=1474"}],"wp:term":[{"taxonomy":"category","embeddable":true,"href":"https:\/\/masquenoticiastucuman.com.ar\/index.php?rest_route=%2Fwp%2Fv2%2Fcategories&post=1474"},{"taxonomy":"post_tag","embeddable":true,"href":"https:\/\/masquenoticiastucuman.com.ar\/index.php?rest_route=%2Fwp%2Fv2%2Ftags&post=1474"}],"curies":[{"name":"wp","href":"https:\/\/api.w.org\/{rel}","templated":true}]}}