{"id":1526,"date":"2024-08-10T15:01:02","date_gmt":"2024-08-10T18:01:02","guid":{"rendered":"http:\/\/masquenoticiastucuman.com.ar\/?p=1526"},"modified":"2024-08-10T15:01:02","modified_gmt":"2024-08-10T18:01:02","slug":"agustin-vernice-se-permitio-algo-impensado-salir-a-cenar-con-su-novia-en-la-noche-previa-y-logro-el-mejor-puesto-de-la-historia-para-el-canotaje-argentino","status":"publish","type":"post","link":"https:\/\/masquenoticiastucuman.com.ar\/?p=1526","title":{"rendered":"Agust\u00edn Vernice se permiti\u00f3 &#8220;algo impensado&#8221;: salir a cenar con su novia en la noche previa y logr\u00f3 el mejor puesto de la historia para el canotaje argentino"},"content":{"rendered":"<p>&#8220;Tengo un temperamento dur\u00edsimo, exigente&#8221;, reconoci\u00f3 el palista de 29 a\u00f1os, que hab\u00eda sido muy cr\u00edtico tras su octavo puesto en Tokio 2020.Esta vez termin\u00f3 cuarto en los K1-1000 de Par\u00eds 2024 y super\u00f3 el quinto lugar de Javier Correa en Sydney 2000.&#8221;No soy el mismo de Tokio y en Los \u00c1ngeles, si tengo la suerte de estar, no voy a ser el mismo de Par\u00eds&#8221;, dijo contento.<\/p>","protected":false},"excerpt":{"rendered":"<p>&#8220;Tengo un temperamento dur\u00edsimo, exigente&#8221;, reconoci\u00f3 el palista de 29 a\u00f1os, que hab\u00eda sido muy&#8230;<\/p>\n","protected":false},"author":0,"featured_media":0,"comment_status":"open","ping_status":"open","sticky":false,"template":"","format":"standard","meta":{"footnotes":""},"categories":[6],"tags":[],"class_list":["post-1526","post","type-post","status-publish","format-standard","has-post-thumbnail","hentry","category-deportes"],"_links":{"self":[{"href":"https:\/\/masquenoticiastucuman.com.ar\/index.php?rest_route=\/wp\/v2\/posts\/1526","targetHints":{"allow":["GET"]}}],"collection":[{"href":"https:\/\/masquenoticiastucuman.com.ar\/index.php?rest_route=\/wp\/v2\/posts"}],"about":[{"href":"https:\/\/masquenoticiastucuman.com.ar\/index.php?rest_route=\/wp\/v2\/types\/post"}],"replies":[{"embeddable":true,"href":"https:\/\/masquenoticiastucuman.com.ar\/index.php?rest_route=%2Fwp%2Fv2%2Fcomments&post=1526"}],"version-history":[{"count":0,"href":"https:\/\/masquenoticiastucuman.com.ar\/index.php?rest_route=\/wp\/v2\/posts\/1526\/revisions"}],"wp:attachment":[{"href":"https:\/\/masquenoticiastucuman.com.ar\/index.php?rest_route=%2Fwp%2Fv2%2Fmedia&parent=1526"}],"wp:term":[{"taxonomy":"category","embeddable":true,"href":"https:\/\/masquenoticiastucuman.com.ar\/index.php?rest_route=%2Fwp%2Fv2%2Fcategories&post=1526"},{"taxonomy":"post_tag","embeddable":true,"href":"https:\/\/masquenoticiastucuman.com.ar\/index.php?rest_route=%2Fwp%2Fv2%2Ftags&post=1526"}],"curies":[{"name":"wp","href":"https:\/\/api.w.org\/{rel}","templated":true}]}}