{"id":1532,"date":"2024-08-10T16:01:02","date_gmt":"2024-08-10T19:01:02","guid":{"rendered":"http:\/\/masquenoticiastucuman.com.ar\/?p=1532"},"modified":"2024-08-10T16:01:02","modified_gmt":"2024-08-10T19:01:02","slug":"el-coa-ya-definio-quienes-seran-los-atletas-argentinos-que-llevaran-la-bandera-en-la-ceremonia-de-clausura-de-los-juegos-olimpicos-paris-2024","status":"publish","type":"post","link":"https:\/\/masquenoticiastucuman.com.ar\/?p=1532","title":{"rendered":"El COA ya defini\u00f3 qui\u00e9nes ser\u00e1n los atletas argentinos que llevar\u00e1n la bandera en la ceremonia de clausura de los Juegos Ol\u00edmpicos Par\u00eds 2024"},"content":{"rendered":"<p>Jos\u00e9 Torres Gil, el Maligno, y Eugenia Bosco portar\u00e1n la insignia nacional.El cordob\u00e9s gan\u00f3 la medalla de oro en BMX Freestyle.La regatista obtuvo la plata junto a Mateo Majdalani en la prueba Nacra 17 del yachting.<\/p>","protected":false},"excerpt":{"rendered":"<p>Jos\u00e9 Torres Gil, el Maligno, y Eugenia Bosco portar\u00e1n la insignia nacional.El cordob\u00e9s gan\u00f3 la&#8230;<\/p>\n","protected":false},"author":0,"featured_media":0,"comment_status":"open","ping_status":"open","sticky":false,"template":"","format":"standard","meta":{"footnotes":""},"categories":[6],"tags":[],"class_list":["post-1532","post","type-post","status-publish","format-standard","has-post-thumbnail","hentry","category-deportes"],"_links":{"self":[{"href":"https:\/\/masquenoticiastucuman.com.ar\/index.php?rest_route=\/wp\/v2\/posts\/1532","targetHints":{"allow":["GET"]}}],"collection":[{"href":"https:\/\/masquenoticiastucuman.com.ar\/index.php?rest_route=\/wp\/v2\/posts"}],"about":[{"href":"https:\/\/masquenoticiastucuman.com.ar\/index.php?rest_route=\/wp\/v2\/types\/post"}],"replies":[{"embeddable":true,"href":"https:\/\/masquenoticiastucuman.com.ar\/index.php?rest_route=%2Fwp%2Fv2%2Fcomments&post=1532"}],"version-history":[{"count":0,"href":"https:\/\/masquenoticiastucuman.com.ar\/index.php?rest_route=\/wp\/v2\/posts\/1532\/revisions"}],"wp:attachment":[{"href":"https:\/\/masquenoticiastucuman.com.ar\/index.php?rest_route=%2Fwp%2Fv2%2Fmedia&parent=1532"}],"wp:term":[{"taxonomy":"category","embeddable":true,"href":"https:\/\/masquenoticiastucuman.com.ar\/index.php?rest_route=%2Fwp%2Fv2%2Fcategories&post=1532"},{"taxonomy":"post_tag","embeddable":true,"href":"https:\/\/masquenoticiastucuman.com.ar\/index.php?rest_route=%2Fwp%2Fv2%2Ftags&post=1532"}],"curies":[{"name":"wp","href":"https:\/\/api.w.org\/{rel}","templated":true}]}}