{"id":1536,"date":"2024-08-10T16:01:04","date_gmt":"2024-08-10T19:01:04","guid":{"rendered":"http:\/\/masquenoticiastucuman.com.ar\/?p=1536"},"modified":"2024-08-10T16:01:04","modified_gmt":"2024-08-10T19:01:04","slug":"el-mortifero-ataque-de-israel-contra-una-escuela-en-gaza-desata-una-ola-de-condenas-internacionales-y-agrava-la-crisis","status":"publish","type":"post","link":"https:\/\/masquenoticiastucuman.com.ar\/?p=1536","title":{"rendered":"El mort\u00edfero ataque de Israel contra una escuela en Gaza desata una ola de condenas internacionales y agrava la crisis"},"content":{"rendered":"<p>El bombardeo dej\u00f3 al menos un centenar de muertos, seg\u00fan cifras palestinas.Se teme una escalada de la tensi\u00f3n regional. Furia de Ir\u00e1n, Hamas y Hezbollah.<\/p>","protected":false},"excerpt":{"rendered":"<p>El bombardeo dej\u00f3 al menos un centenar de muertos, seg\u00fan cifras palestinas.Se teme una escalada&#8230;<\/p>\n","protected":false},"author":0,"featured_media":0,"comment_status":"open","ping_status":"open","sticky":false,"template":"","format":"standard","meta":{"footnotes":""},"categories":[4],"tags":[],"class_list":["post-1536","post","type-post","status-publish","format-standard","hentry","category-internacionales"],"_links":{"self":[{"href":"https:\/\/masquenoticiastucuman.com.ar\/index.php?rest_route=\/wp\/v2\/posts\/1536","targetHints":{"allow":["GET"]}}],"collection":[{"href":"https:\/\/masquenoticiastucuman.com.ar\/index.php?rest_route=\/wp\/v2\/posts"}],"about":[{"href":"https:\/\/masquenoticiastucuman.com.ar\/index.php?rest_route=\/wp\/v2\/types\/post"}],"replies":[{"embeddable":true,"href":"https:\/\/masquenoticiastucuman.com.ar\/index.php?rest_route=%2Fwp%2Fv2%2Fcomments&post=1536"}],"version-history":[{"count":0,"href":"https:\/\/masquenoticiastucuman.com.ar\/index.php?rest_route=\/wp\/v2\/posts\/1536\/revisions"}],"wp:attachment":[{"href":"https:\/\/masquenoticiastucuman.com.ar\/index.php?rest_route=%2Fwp%2Fv2%2Fmedia&parent=1536"}],"wp:term":[{"taxonomy":"category","embeddable":true,"href":"https:\/\/masquenoticiastucuman.com.ar\/index.php?rest_route=%2Fwp%2Fv2%2Fcategories&post=1536"},{"taxonomy":"post_tag","embeddable":true,"href":"https:\/\/masquenoticiastucuman.com.ar\/index.php?rest_route=%2Fwp%2Fv2%2Ftags&post=1536"}],"curies":[{"name":"wp","href":"https:\/\/api.w.org\/{rel}","templated":true}]}}