{"id":1543,"date":"2024-08-10T18:01:03","date_gmt":"2024-08-10T21:01:03","guid":{"rendered":"http:\/\/masquenoticiastucuman.com.ar\/?p=1543"},"modified":"2024-08-10T18:01:03","modified_gmt":"2024-08-10T21:01:03","slug":"traicion-secuestro-y-la-supuesta-verdad-detras-de-la-captura-de-uno-de-los-capos-del-cartel-de-sinaloa","status":"publish","type":"post","link":"https:\/\/masquenoticiastucuman.com.ar\/?p=1543","title":{"rendered":"Traici\u00f3n, secuestro y la supuesta verdad detr\u00e1s de la captura de uno de los capos del Cartel de Sinaloa"},"content":{"rendered":"<p>Ismael El &#8220;Mayo&#8221; Zambada, uno de los jefes m\u00e1s buscados del narcotr\u00e1fico en M\u00e9xico, fue detenido por EE.UU. en julio.En una carta cuenta que fue entregado por el hijo del Chapo Guzm\u00e1n y &#8220;secuestrado&#8221;.<\/p>","protected":false},"excerpt":{"rendered":"<p>Ismael El &#8220;Mayo&#8221; Zambada, uno de los jefes m\u00e1s buscados del narcotr\u00e1fico en M\u00e9xico, fue&#8230;<\/p>\n","protected":false},"author":0,"featured_media":0,"comment_status":"open","ping_status":"open","sticky":false,"template":"","format":"standard","meta":{"footnotes":""},"categories":[4],"tags":[],"class_list":["post-1543","post","type-post","status-publish","format-standard","hentry","category-internacionales"],"_links":{"self":[{"href":"https:\/\/masquenoticiastucuman.com.ar\/index.php?rest_route=\/wp\/v2\/posts\/1543","targetHints":{"allow":["GET"]}}],"collection":[{"href":"https:\/\/masquenoticiastucuman.com.ar\/index.php?rest_route=\/wp\/v2\/posts"}],"about":[{"href":"https:\/\/masquenoticiastucuman.com.ar\/index.php?rest_route=\/wp\/v2\/types\/post"}],"replies":[{"embeddable":true,"href":"https:\/\/masquenoticiastucuman.com.ar\/index.php?rest_route=%2Fwp%2Fv2%2Fcomments&post=1543"}],"version-history":[{"count":0,"href":"https:\/\/masquenoticiastucuman.com.ar\/index.php?rest_route=\/wp\/v2\/posts\/1543\/revisions"}],"wp:attachment":[{"href":"https:\/\/masquenoticiastucuman.com.ar\/index.php?rest_route=%2Fwp%2Fv2%2Fmedia&parent=1543"}],"wp:term":[{"taxonomy":"category","embeddable":true,"href":"https:\/\/masquenoticiastucuman.com.ar\/index.php?rest_route=%2Fwp%2Fv2%2Fcategories&post=1543"},{"taxonomy":"post_tag","embeddable":true,"href":"https:\/\/masquenoticiastucuman.com.ar\/index.php?rest_route=%2Fwp%2Fv2%2Ftags&post=1543"}],"curies":[{"name":"wp","href":"https:\/\/api.w.org\/{rel}","templated":true}]}}