{"id":1575,"date":"2024-08-11T07:01:02","date_gmt":"2024-08-11T10:01:02","guid":{"rendered":"http:\/\/masquenoticiastucuman.com.ar\/?p=1575"},"modified":"2024-08-11T07:01:02","modified_gmt":"2024-08-11T10:01:02","slug":"la-dramatica-definicion-del-maraton-femenino-en-paris-2024-del-record-olimpico-de-sifan-hassan-a-las-lagrimas-de-la-argentina-daiana-ocampo","status":"publish","type":"post","link":"https:\/\/masquenoticiastucuman.com.ar\/?p=1575","title":{"rendered":"La dram\u00e1tica definici\u00f3n del marat\u00f3n femenino en Par\u00eds 2024: del r\u00e9cord ol\u00edmpico de Sifan Hassan a las l\u00e1grimas de la argentina Daiana Ocampo"},"content":{"rendered":"<p>La neerlandesa se impuso por apenas tres segundos a la et\u00edope Tigst Assefa.A metros de la llegada, en el esprint final, se rozaron y se vivi\u00f3 un momento tenso entre ambas.En tanto, la atleta albiceleste lleg\u00f3 en el puesto 41 y no pudo ocultar su emoci\u00f3n.<\/p>","protected":false},"excerpt":{"rendered":"<p>La neerlandesa se impuso por apenas tres segundos a la et\u00edope Tigst Assefa.A metros de&#8230;<\/p>\n","protected":false},"author":0,"featured_media":0,"comment_status":"open","ping_status":"open","sticky":false,"template":"","format":"standard","meta":{"footnotes":""},"categories":[6],"tags":[],"class_list":["post-1575","post","type-post","status-publish","format-standard","has-post-thumbnail","hentry","category-deportes"],"_links":{"self":[{"href":"https:\/\/masquenoticiastucuman.com.ar\/index.php?rest_route=\/wp\/v2\/posts\/1575","targetHints":{"allow":["GET"]}}],"collection":[{"href":"https:\/\/masquenoticiastucuman.com.ar\/index.php?rest_route=\/wp\/v2\/posts"}],"about":[{"href":"https:\/\/masquenoticiastucuman.com.ar\/index.php?rest_route=\/wp\/v2\/types\/post"}],"replies":[{"embeddable":true,"href":"https:\/\/masquenoticiastucuman.com.ar\/index.php?rest_route=%2Fwp%2Fv2%2Fcomments&post=1575"}],"version-history":[{"count":0,"href":"https:\/\/masquenoticiastucuman.com.ar\/index.php?rest_route=\/wp\/v2\/posts\/1575\/revisions"}],"wp:attachment":[{"href":"https:\/\/masquenoticiastucuman.com.ar\/index.php?rest_route=%2Fwp%2Fv2%2Fmedia&parent=1575"}],"wp:term":[{"taxonomy":"category","embeddable":true,"href":"https:\/\/masquenoticiastucuman.com.ar\/index.php?rest_route=%2Fwp%2Fv2%2Fcategories&post=1575"},{"taxonomy":"post_tag","embeddable":true,"href":"https:\/\/masquenoticiastucuman.com.ar\/index.php?rest_route=%2Fwp%2Fv2%2Ftags&post=1575"}],"curies":[{"name":"wp","href":"https:\/\/api.w.org\/{rel}","templated":true}]}}