{"id":1594,"date":"2024-08-11T13:01:02","date_gmt":"2024-08-11T16:01:02","guid":{"rendered":"http:\/\/masquenoticiastucuman.com.ar\/?p=1594"},"modified":"2024-08-11T13:01:02","modified_gmt":"2024-08-11T16:01:02","slug":"oportunidad-de-resignificarse-esperan-un-fuerte-crecimiento-en-la-superficie-de-sorgo-para-este-ano","status":"publish","type":"post","link":"https:\/\/masquenoticiastucuman.com.ar\/?p=1594","title":{"rendered":"&#8220;Oportunidad de resignificarse&#8221;: esperan un fuerte crecimiento en la superficie de sorgo para este a\u00f1o"},"content":{"rendered":"<p>Se prev\u00e9 que el \u00e1rea supere el mill\u00f3n de hect\u00e1reas.Los desaf\u00edos de un &#8220;cultivo hist\u00f3rico&#8221;.Advanta present\u00f3 sus tecnolog\u00edas en el Congreso de Aapresid.<\/p>","protected":false},"excerpt":{"rendered":"<p>Se prev\u00e9 que el \u00e1rea supere el mill\u00f3n de hect\u00e1reas.Los desaf\u00edos de un &#8220;cultivo hist\u00f3rico&#8221;.Advanta&#8230;<\/p>\n","protected":false},"author":0,"featured_media":0,"comment_status":"open","ping_status":"open","sticky":false,"template":"","format":"standard","meta":{"footnotes":""},"categories":[1],"tags":[],"class_list":["post-1594","post","type-post","status-publish","format-standard","has-post-thumbnail","hentry","category-uncategorized"],"_links":{"self":[{"href":"https:\/\/masquenoticiastucuman.com.ar\/index.php?rest_route=\/wp\/v2\/posts\/1594","targetHints":{"allow":["GET"]}}],"collection":[{"href":"https:\/\/masquenoticiastucuman.com.ar\/index.php?rest_route=\/wp\/v2\/posts"}],"about":[{"href":"https:\/\/masquenoticiastucuman.com.ar\/index.php?rest_route=\/wp\/v2\/types\/post"}],"replies":[{"embeddable":true,"href":"https:\/\/masquenoticiastucuman.com.ar\/index.php?rest_route=%2Fwp%2Fv2%2Fcomments&post=1594"}],"version-history":[{"count":0,"href":"https:\/\/masquenoticiastucuman.com.ar\/index.php?rest_route=\/wp\/v2\/posts\/1594\/revisions"}],"wp:attachment":[{"href":"https:\/\/masquenoticiastucuman.com.ar\/index.php?rest_route=%2Fwp%2Fv2%2Fmedia&parent=1594"}],"wp:term":[{"taxonomy":"category","embeddable":true,"href":"https:\/\/masquenoticiastucuman.com.ar\/index.php?rest_route=%2Fwp%2Fv2%2Fcategories&post=1594"},{"taxonomy":"post_tag","embeddable":true,"href":"https:\/\/masquenoticiastucuman.com.ar\/index.php?rest_route=%2Fwp%2Fv2%2Ftags&post=1594"}],"curies":[{"name":"wp","href":"https:\/\/api.w.org\/{rel}","templated":true}]}}