{"id":1596,"date":"2024-08-11T13:26:13","date_gmt":"2024-08-11T16:26:13","guid":{"rendered":"https:\/\/masquenoticiastucuman.com.ar\/?p=1596"},"modified":"2024-08-11T13:26:16","modified_gmt":"2024-08-11T16:26:16","slug":"fabiola-yanez-rompio-el-silencio-tras-la-denuncia-por-violencia-de-genero-contra-alberto-fernandez","status":"publish","type":"post","link":"https:\/\/masquenoticiastucuman.com.ar\/?p=1596","title":{"rendered":"Fabiola Ya\u00f1ez rompi\u00f3 el silencio tras la denuncia por violencia de g\u00e9nero contra Alberto Fern\u00e1ndez"},"content":{"rendered":"\n<p>La ex Primera Dama habl\u00f3 por primera vez p\u00fablicamente luego de sus acusaciones contra quien fuera presidente de la Naci\u00f3n.<\/p>\n\n\n\n<p>Fabiola Ya\u00f1ez, la ex primera Dama de la Naci\u00f3n &nbsp;<strong>decidi\u00f3 hablar p\u00fablicamente por primera vez despu\u00e9s de denunciar a su ex pareja, el expresidente Alberto Fern\u00e1ndez, por violencia de g\u00e9nero<\/strong>. Ya\u00f1ez revel\u00f3 detalles conmovedores y escalofriantes sobre los \u00faltimos acontecimientos que la llevaron a tomar esta dif\u00edcil decisi\u00f3n.<\/p>\n\n\n\n<p><\/p>\n\n\n\n<p>La denuncia de Ya\u00f1ez se realiz\u00f3 a trav\u00e9s de una videoconferencia ante el juez Juli\u00e1n Ercolini, ya que actualmente se encuentra residiendo en Espa\u00f1a. Este paso judicial se desencaden\u00f3 a ra\u00edz de una causa paralela en la que la justicia habr\u00eda encontrado archivos que documentan supuestos episodios de violencia f\u00edsica y mental por parte de Fern\u00e1ndez hacia ella. Decidida a no permanecer en silencio,&nbsp;<strong>Fabiola present\u00f3 la denuncia formal por violencia de g\u00e9nero<\/strong>.<\/p>\n\n\n\n<p>La denuncia de Ya\u00f1ez se realiz\u00f3 a trav\u00e9s de una videoconferencia ante el juez Juli\u00e1n Ercolini, ya que actualmente se encuentra residiendo en Espa\u00f1a. Este paso judicial se desencaden\u00f3 a ra\u00edz de una causa paralela en la que la justicia habr\u00eda encontrado archivos que documentan supuestos episodios de violencia f\u00edsica y mental por parte de Fern\u00e1ndez hacia ella. Decidida a no permanecer en silencio,&nbsp;<strong>Fabiola present\u00f3 la denuncia formal por violencia de g\u00e9nero<\/strong>.<\/p>\n","protected":false},"excerpt":{"rendered":"<p>La ex Primera Dama habl\u00f3 por primera vez p\u00fablicamente luego de sus acusaciones contra quien&#8230;<\/p>\n","protected":false},"author":2,"featured_media":0,"comment_status":"open","ping_status":"open","sticky":false,"template":"","format":"standard","meta":{"footnotes":""},"categories":[3,1],"tags":[],"class_list":["post-1596","post","type-post","status-publish","format-standard","hentry","category-nacionales","category-uncategorized"],"_links":{"self":[{"href":"https:\/\/masquenoticiastucuman.com.ar\/index.php?rest_route=\/wp\/v2\/posts\/1596","targetHints":{"allow":["GET"]}}],"collection":[{"href":"https:\/\/masquenoticiastucuman.com.ar\/index.php?rest_route=\/wp\/v2\/posts"}],"about":[{"href":"https:\/\/masquenoticiastucuman.com.ar\/index.php?rest_route=\/wp\/v2\/types\/post"}],"author":[{"embeddable":true,"href":"https:\/\/masquenoticiastucuman.com.ar\/index.php?rest_route=\/wp\/v2\/users\/2"}],"replies":[{"embeddable":true,"href":"https:\/\/masquenoticiastucuman.com.ar\/index.php?rest_route=%2Fwp%2Fv2%2Fcomments&post=1596"}],"version-history":[{"count":1,"href":"https:\/\/masquenoticiastucuman.com.ar\/index.php?rest_route=\/wp\/v2\/posts\/1596\/revisions"}],"predecessor-version":[{"id":1598,"href":"https:\/\/masquenoticiastucuman.com.ar\/index.php?rest_route=\/wp\/v2\/posts\/1596\/revisions\/1598"}],"wp:attachment":[{"href":"https:\/\/masquenoticiastucuman.com.ar\/index.php?rest_route=%2Fwp%2Fv2%2Fmedia&parent=1596"}],"wp:term":[{"taxonomy":"category","embeddable":true,"href":"https:\/\/masquenoticiastucuman.com.ar\/index.php?rest_route=%2Fwp%2Fv2%2Fcategories&post=1596"},{"taxonomy":"post_tag","embeddable":true,"href":"https:\/\/masquenoticiastucuman.com.ar\/index.php?rest_route=%2Fwp%2Fv2%2Ftags&post=1596"}],"curies":[{"name":"wp","href":"https:\/\/api.w.org\/{rel}","templated":true}]}}