{"id":1607,"date":"2024-08-11T16:01:04","date_gmt":"2024-08-11T19:01:04","guid":{"rendered":"http:\/\/masquenoticiastucuman.com.ar\/?p=1607"},"modified":"2024-08-11T16:01:04","modified_gmt":"2024-08-11T19:01:04","slug":"tragedia-en-brasil-lograron-recuperar-todos-los-datos-de-las-cajas-negras-del-avion-que-se-estrello-en-san-pablo","status":"publish","type":"post","link":"https:\/\/masquenoticiastucuman.com.ar\/?p=1607","title":{"rendered":"Tragedia en Brasil: lograron recuperar todos los datos de las cajas negras del avi\u00f3n que se estrell\u00f3 en San Pablo"},"content":{"rendered":"<p>Los equipos guardaron grabaciones de voz y datos de vuelo de los momentos previos al accidente que caus\u00f3 la muerte de 62 personas.Ser\u00e1 clave para determinar las causas de la ca\u00edda.<\/p>","protected":false},"excerpt":{"rendered":"<p>Los equipos guardaron grabaciones de voz y datos de vuelo de los momentos previos al&#8230;<\/p>\n","protected":false},"author":0,"featured_media":0,"comment_status":"open","ping_status":"open","sticky":false,"template":"","format":"standard","meta":{"footnotes":""},"categories":[4],"tags":[],"class_list":["post-1607","post","type-post","status-publish","format-standard","hentry","category-internacionales"],"_links":{"self":[{"href":"https:\/\/masquenoticiastucuman.com.ar\/index.php?rest_route=\/wp\/v2\/posts\/1607","targetHints":{"allow":["GET"]}}],"collection":[{"href":"https:\/\/masquenoticiastucuman.com.ar\/index.php?rest_route=\/wp\/v2\/posts"}],"about":[{"href":"https:\/\/masquenoticiastucuman.com.ar\/index.php?rest_route=\/wp\/v2\/types\/post"}],"replies":[{"embeddable":true,"href":"https:\/\/masquenoticiastucuman.com.ar\/index.php?rest_route=%2Fwp%2Fv2%2Fcomments&post=1607"}],"version-history":[{"count":0,"href":"https:\/\/masquenoticiastucuman.com.ar\/index.php?rest_route=\/wp\/v2\/posts\/1607\/revisions"}],"wp:attachment":[{"href":"https:\/\/masquenoticiastucuman.com.ar\/index.php?rest_route=%2Fwp%2Fv2%2Fmedia&parent=1607"}],"wp:term":[{"taxonomy":"category","embeddable":true,"href":"https:\/\/masquenoticiastucuman.com.ar\/index.php?rest_route=%2Fwp%2Fv2%2Fcategories&post=1607"},{"taxonomy":"post_tag","embeddable":true,"href":"https:\/\/masquenoticiastucuman.com.ar\/index.php?rest_route=%2Fwp%2Fv2%2Ftags&post=1607"}],"curies":[{"name":"wp","href":"https:\/\/api.w.org\/{rel}","templated":true}]}}