{"id":1614,"date":"2024-08-11T18:01:05","date_gmt":"2024-08-11T21:01:05","guid":{"rendered":"http:\/\/masquenoticiastucuman.com.ar\/?p=1614"},"modified":"2024-08-11T18:01:05","modified_gmt":"2024-08-11T21:01:05","slug":"alarma-por-un-incendio-en-una-torre-de-refrigeracion-de-la-central-nuclear-de-zaporiyia-en-ucrania","status":"publish","type":"post","link":"https:\/\/masquenoticiastucuman.com.ar\/?p=1614","title":{"rendered":"Alarma por un incendio en una torre de refrigeraci\u00f3n de la central nuclear de Zaporiyia en Ucrania"},"content":{"rendered":"<p>El presidente Volodimir Zelenski public\u00f3 un video donde se ven llamas en la planta at\u00f3mica. La autoridad rusa que tiene bajo control la zona de guerra lo comunic\u00f3 por Telegram.<\/p>","protected":false},"excerpt":{"rendered":"<p>El presidente Volodimir Zelenski public\u00f3 un video donde se ven llamas en la planta at\u00f3mica&#8230;.<\/p>\n","protected":false},"author":0,"featured_media":0,"comment_status":"open","ping_status":"open","sticky":false,"template":"","format":"standard","meta":{"footnotes":""},"categories":[4],"tags":[],"class_list":["post-1614","post","type-post","status-publish","format-standard","hentry","category-internacionales"],"_links":{"self":[{"href":"https:\/\/masquenoticiastucuman.com.ar\/index.php?rest_route=\/wp\/v2\/posts\/1614","targetHints":{"allow":["GET"]}}],"collection":[{"href":"https:\/\/masquenoticiastucuman.com.ar\/index.php?rest_route=\/wp\/v2\/posts"}],"about":[{"href":"https:\/\/masquenoticiastucuman.com.ar\/index.php?rest_route=\/wp\/v2\/types\/post"}],"replies":[{"embeddable":true,"href":"https:\/\/masquenoticiastucuman.com.ar\/index.php?rest_route=%2Fwp%2Fv2%2Fcomments&post=1614"}],"version-history":[{"count":0,"href":"https:\/\/masquenoticiastucuman.com.ar\/index.php?rest_route=\/wp\/v2\/posts\/1614\/revisions"}],"wp:attachment":[{"href":"https:\/\/masquenoticiastucuman.com.ar\/index.php?rest_route=%2Fwp%2Fv2%2Fmedia&parent=1614"}],"wp:term":[{"taxonomy":"category","embeddable":true,"href":"https:\/\/masquenoticiastucuman.com.ar\/index.php?rest_route=%2Fwp%2Fv2%2Fcategories&post=1614"},{"taxonomy":"post_tag","embeddable":true,"href":"https:\/\/masquenoticiastucuman.com.ar\/index.php?rest_route=%2Fwp%2Fv2%2Ftags&post=1614"}],"curies":[{"name":"wp","href":"https:\/\/api.w.org\/{rel}","templated":true}]}}