{"id":1681,"date":"2024-08-12T12:01:03","date_gmt":"2024-08-12T15:01:03","guid":{"rendered":"http:\/\/masquenoticiastucuman.com.ar\/?p=1681"},"modified":"2024-08-12T12:01:03","modified_gmt":"2024-08-12T15:01:03","slug":"venezuela-estados-unidos-aclara-que-no-propuso-una-amnistia-a-nicolas-maduro-pero-estaria-dispuesto-a-hacerlo","status":"publish","type":"post","link":"https:\/\/masquenoticiastucuman.com.ar\/?p=1681","title":{"rendered":"Venezuela: Estados Unidos aclara que no propuso una amnist\u00eda a Nicol\u00e1s Maduro, pero estar\u00eda dispuesto a hacerlo"},"content":{"rendered":"<p>La aclaraci\u00f3n desmiente una informaci\u00f3n de The Wall Street Journal en ese sentido.Un alto funcionario de la administraci\u00f3n de Joe Biden, que pidi\u00f3 permanecer en el anonimato, lo neg\u00f3. Pero admiti\u00f3 que &#8220;estamos evaluando una variedad de opciones&#8221;.<\/p>","protected":false},"excerpt":{"rendered":"<p>La aclaraci\u00f3n desmiente una informaci\u00f3n de The Wall Street Journal en ese sentido.Un alto funcionario&#8230;<\/p>\n","protected":false},"author":0,"featured_media":0,"comment_status":"open","ping_status":"open","sticky":false,"template":"","format":"standard","meta":{"footnotes":""},"categories":[4],"tags":[],"class_list":["post-1681","post","type-post","status-publish","format-standard","hentry","category-internacionales"],"_links":{"self":[{"href":"https:\/\/masquenoticiastucuman.com.ar\/index.php?rest_route=\/wp\/v2\/posts\/1681","targetHints":{"allow":["GET"]}}],"collection":[{"href":"https:\/\/masquenoticiastucuman.com.ar\/index.php?rest_route=\/wp\/v2\/posts"}],"about":[{"href":"https:\/\/masquenoticiastucuman.com.ar\/index.php?rest_route=\/wp\/v2\/types\/post"}],"replies":[{"embeddable":true,"href":"https:\/\/masquenoticiastucuman.com.ar\/index.php?rest_route=%2Fwp%2Fv2%2Fcomments&post=1681"}],"version-history":[{"count":0,"href":"https:\/\/masquenoticiastucuman.com.ar\/index.php?rest_route=\/wp\/v2\/posts\/1681\/revisions"}],"wp:attachment":[{"href":"https:\/\/masquenoticiastucuman.com.ar\/index.php?rest_route=%2Fwp%2Fv2%2Fmedia&parent=1681"}],"wp:term":[{"taxonomy":"category","embeddable":true,"href":"https:\/\/masquenoticiastucuman.com.ar\/index.php?rest_route=%2Fwp%2Fv2%2Fcategories&post=1681"},{"taxonomy":"post_tag","embeddable":true,"href":"https:\/\/masquenoticiastucuman.com.ar\/index.php?rest_route=%2Fwp%2Fv2%2Ftags&post=1681"}],"curies":[{"name":"wp","href":"https:\/\/api.w.org\/{rel}","templated":true}]}}