{"id":1709,"date":"2024-08-12T15:01:03","date_gmt":"2024-08-12T18:01:03","guid":{"rendered":"http:\/\/masquenoticiastucuman.com.ar\/?p=1709"},"modified":"2024-08-12T15:01:03","modified_gmt":"2024-08-12T18:01:03","slug":"galaxy-samsung-revelo-cuales-son-los-dos-primeros-celulares-de-gama-media-que-podran-usar-la-nueva-inteligencia-artificial","status":"publish","type":"post","link":"https:\/\/masquenoticiastucuman.com.ar\/?p=1709","title":{"rendered":"Galaxy: Samsung revel\u00f3 cu\u00e1les son los dos primeros celulares de gama media que podr\u00e1n usar la nueva inteligencia artificial"},"content":{"rendered":"<p>Ambos tel\u00e9fonos fueron presentados d\u00edas atr\u00e1s.Sin embargo, no tendr\u00e1n acceso a todas las funciones, ya que se hardware no se lo permite.<\/p>","protected":false},"excerpt":{"rendered":"<p>Ambos tel\u00e9fonos fueron presentados d\u00edas atr\u00e1s.Sin embargo, no tendr\u00e1n acceso a todas las funciones, ya&#8230;<\/p>\n","protected":false},"author":0,"featured_media":0,"comment_status":"open","ping_status":"open","sticky":false,"template":"","format":"standard","meta":{"footnotes":""},"categories":[8],"tags":[],"class_list":["post-1709","post","type-post","status-publish","format-standard","has-post-thumbnail","hentry","category-tecnologia"],"_links":{"self":[{"href":"https:\/\/masquenoticiastucuman.com.ar\/index.php?rest_route=\/wp\/v2\/posts\/1709","targetHints":{"allow":["GET"]}}],"collection":[{"href":"https:\/\/masquenoticiastucuman.com.ar\/index.php?rest_route=\/wp\/v2\/posts"}],"about":[{"href":"https:\/\/masquenoticiastucuman.com.ar\/index.php?rest_route=\/wp\/v2\/types\/post"}],"replies":[{"embeddable":true,"href":"https:\/\/masquenoticiastucuman.com.ar\/index.php?rest_route=%2Fwp%2Fv2%2Fcomments&post=1709"}],"version-history":[{"count":0,"href":"https:\/\/masquenoticiastucuman.com.ar\/index.php?rest_route=\/wp\/v2\/posts\/1709\/revisions"}],"wp:attachment":[{"href":"https:\/\/masquenoticiastucuman.com.ar\/index.php?rest_route=%2Fwp%2Fv2%2Fmedia&parent=1709"}],"wp:term":[{"taxonomy":"category","embeddable":true,"href":"https:\/\/masquenoticiastucuman.com.ar\/index.php?rest_route=%2Fwp%2Fv2%2Fcategories&post=1709"},{"taxonomy":"post_tag","embeddable":true,"href":"https:\/\/masquenoticiastucuman.com.ar\/index.php?rest_route=%2Fwp%2Fv2%2Ftags&post=1709"}],"curies":[{"name":"wp","href":"https:\/\/api.w.org\/{rel}","templated":true}]}}