{"id":1712,"date":"2024-08-12T15:01:04","date_gmt":"2024-08-12T18:01:04","guid":{"rendered":"http:\/\/masquenoticiastucuman.com.ar\/?p=1712"},"modified":"2024-08-12T15:01:04","modified_gmt":"2024-08-12T18:01:04","slug":"no-hay-un-solo-palestino-que-todos-los-dias-no-te-diga-por-favor-basta-el-crudo-testimonio-de-una-argentina-en-gaza-tras-10-meses-de-guerra","status":"publish","type":"post","link":"https:\/\/masquenoticiastucuman.com.ar\/?p=1712","title":{"rendered":"&#8220;No hay un solo palestino que todos los d\u00edas no te diga &#8216;por favor basta'&#8221;: el crudo testimonio de una argentina en Gaza tras 10 meses de guerra"},"content":{"rendered":"<p>Sof\u00eda Pi\u00f1eiro es enfermera, de Buenos Aires. Tiene 31 a\u00f1os y trabaja con M\u00e9dicos Sin Fronteras desde 2017.  &#8220;La Franja es una imagen de dolor; de verdad que no hay palabras que le hagan justicia&#8221;, afirma.<\/p>","protected":false},"excerpt":{"rendered":"<p>Sof\u00eda Pi\u00f1eiro es enfermera, de Buenos Aires. Tiene 31 a\u00f1os y trabaja con M\u00e9dicos Sin&#8230;<\/p>\n","protected":false},"author":0,"featured_media":0,"comment_status":"open","ping_status":"open","sticky":false,"template":"","format":"standard","meta":{"footnotes":""},"categories":[4],"tags":[],"class_list":["post-1712","post","type-post","status-publish","format-standard","hentry","category-internacionales"],"_links":{"self":[{"href":"https:\/\/masquenoticiastucuman.com.ar\/index.php?rest_route=\/wp\/v2\/posts\/1712","targetHints":{"allow":["GET"]}}],"collection":[{"href":"https:\/\/masquenoticiastucuman.com.ar\/index.php?rest_route=\/wp\/v2\/posts"}],"about":[{"href":"https:\/\/masquenoticiastucuman.com.ar\/index.php?rest_route=\/wp\/v2\/types\/post"}],"replies":[{"embeddable":true,"href":"https:\/\/masquenoticiastucuman.com.ar\/index.php?rest_route=%2Fwp%2Fv2%2Fcomments&post=1712"}],"version-history":[{"count":0,"href":"https:\/\/masquenoticiastucuman.com.ar\/index.php?rest_route=\/wp\/v2\/posts\/1712\/revisions"}],"wp:attachment":[{"href":"https:\/\/masquenoticiastucuman.com.ar\/index.php?rest_route=%2Fwp%2Fv2%2Fmedia&parent=1712"}],"wp:term":[{"taxonomy":"category","embeddable":true,"href":"https:\/\/masquenoticiastucuman.com.ar\/index.php?rest_route=%2Fwp%2Fv2%2Fcategories&post=1712"},{"taxonomy":"post_tag","embeddable":true,"href":"https:\/\/masquenoticiastucuman.com.ar\/index.php?rest_route=%2Fwp%2Fv2%2Ftags&post=1712"}],"curies":[{"name":"wp","href":"https:\/\/api.w.org\/{rel}","templated":true}]}}