{"id":1717,"date":"2024-08-12T16:01:03","date_gmt":"2024-08-12T19:01:03","guid":{"rendered":"http:\/\/masquenoticiastucuman.com.ar\/?p=1717"},"modified":"2024-08-12T16:01:03","modified_gmt":"2024-08-12T19:01:03","slug":"alexander-zverev-tendra-su-bautismo-en-el-argentina-open-2025-cuales-son-las-otras-figuras-que-pueden-jugar-el-atp-de-buenos-aires","status":"publish","type":"post","link":"https:\/\/masquenoticiastucuman.com.ar\/?p=1717","title":{"rendered":"Alexander Zverev tendr\u00e1 su bautismo en el Argentina Open 2025: cu\u00e1les son las otras figuras que pueden jugar el ATP de Buenos Aires"},"content":{"rendered":"<p>El n\u00famero cuatro del mundo es el primer confirmado para la edici\u00f3n n\u00famero 25 del certamen que se disputa en el Buenos Aires Lawn Tennis.Ser\u00e1 la primera vez que participe en un torneo argentino, aunque ya form\u00f3 parte de una recordada exhibici\u00f3n.<\/p>","protected":false},"excerpt":{"rendered":"<p>El n\u00famero cuatro del mundo es el primer confirmado para la edici\u00f3n n\u00famero 25 del&#8230;<\/p>\n","protected":false},"author":0,"featured_media":0,"comment_status":"open","ping_status":"open","sticky":false,"template":"","format":"standard","meta":{"footnotes":""},"categories":[6],"tags":[],"class_list":["post-1717","post","type-post","status-publish","format-standard","has-post-thumbnail","hentry","category-deportes"],"_links":{"self":[{"href":"https:\/\/masquenoticiastucuman.com.ar\/index.php?rest_route=\/wp\/v2\/posts\/1717","targetHints":{"allow":["GET"]}}],"collection":[{"href":"https:\/\/masquenoticiastucuman.com.ar\/index.php?rest_route=\/wp\/v2\/posts"}],"about":[{"href":"https:\/\/masquenoticiastucuman.com.ar\/index.php?rest_route=\/wp\/v2\/types\/post"}],"replies":[{"embeddable":true,"href":"https:\/\/masquenoticiastucuman.com.ar\/index.php?rest_route=%2Fwp%2Fv2%2Fcomments&post=1717"}],"version-history":[{"count":0,"href":"https:\/\/masquenoticiastucuman.com.ar\/index.php?rest_route=\/wp\/v2\/posts\/1717\/revisions"}],"wp:attachment":[{"href":"https:\/\/masquenoticiastucuman.com.ar\/index.php?rest_route=%2Fwp%2Fv2%2Fmedia&parent=1717"}],"wp:term":[{"taxonomy":"category","embeddable":true,"href":"https:\/\/masquenoticiastucuman.com.ar\/index.php?rest_route=%2Fwp%2Fv2%2Fcategories&post=1717"},{"taxonomy":"post_tag","embeddable":true,"href":"https:\/\/masquenoticiastucuman.com.ar\/index.php?rest_route=%2Fwp%2Fv2%2Ftags&post=1717"}],"curies":[{"name":"wp","href":"https:\/\/api.w.org\/{rel}","templated":true}]}}