{"id":1722,"date":"2024-08-12T17:01:03","date_gmt":"2024-08-12T20:01:03","guid":{"rendered":"http:\/\/masquenoticiastucuman.com.ar\/?p=1722"},"modified":"2024-08-12T17:01:03","modified_gmt":"2024-08-12T20:01:03","slug":"el-ultimo-salto-de-tom-daley-la-leyenda-olimpica-anuncio-su-retiro-tras-su-medalla-de-plata-en-paris-2024","status":"publish","type":"post","link":"https:\/\/masquenoticiastucuman.com.ar\/?p=1722","title":{"rendered":"El \u00faltimo salto de Tom Daley: la leyenda ol\u00edmpica anunci\u00f3 su retiro tras su medalla de plata en Par\u00eds 2024"},"content":{"rendered":"<p>El clavadista brit\u00e1nico de 30 a\u00f1os anunci\u00f3 su retiro  en una entrevista con la edici\u00f3n inglesa de Vogue.En cinco participaciones consigui\u00f3 5 medallas ol\u00edmpicas, entre ellas el oro en Tokio 2020. Daley tambi\u00e9n sobresali\u00f3 en su cruzada contra la homofobia y la discriminaci\u00f3n.<\/p>","protected":false},"excerpt":{"rendered":"<p>El clavadista brit\u00e1nico de 30 a\u00f1os anunci\u00f3 su retiro en una entrevista con la edici\u00f3n&#8230;<\/p>\n","protected":false},"author":0,"featured_media":0,"comment_status":"open","ping_status":"open","sticky":false,"template":"","format":"standard","meta":{"footnotes":""},"categories":[6],"tags":[],"class_list":["post-1722","post","type-post","status-publish","format-standard","has-post-thumbnail","hentry","category-deportes"],"_links":{"self":[{"href":"https:\/\/masquenoticiastucuman.com.ar\/index.php?rest_route=\/wp\/v2\/posts\/1722","targetHints":{"allow":["GET"]}}],"collection":[{"href":"https:\/\/masquenoticiastucuman.com.ar\/index.php?rest_route=\/wp\/v2\/posts"}],"about":[{"href":"https:\/\/masquenoticiastucuman.com.ar\/index.php?rest_route=\/wp\/v2\/types\/post"}],"replies":[{"embeddable":true,"href":"https:\/\/masquenoticiastucuman.com.ar\/index.php?rest_route=%2Fwp%2Fv2%2Fcomments&post=1722"}],"version-history":[{"count":0,"href":"https:\/\/masquenoticiastucuman.com.ar\/index.php?rest_route=\/wp\/v2\/posts\/1722\/revisions"}],"wp:attachment":[{"href":"https:\/\/masquenoticiastucuman.com.ar\/index.php?rest_route=%2Fwp%2Fv2%2Fmedia&parent=1722"}],"wp:term":[{"taxonomy":"category","embeddable":true,"href":"https:\/\/masquenoticiastucuman.com.ar\/index.php?rest_route=%2Fwp%2Fv2%2Fcategories&post=1722"},{"taxonomy":"post_tag","embeddable":true,"href":"https:\/\/masquenoticiastucuman.com.ar\/index.php?rest_route=%2Fwp%2Fv2%2Ftags&post=1722"}],"curies":[{"name":"wp","href":"https:\/\/api.w.org\/{rel}","templated":true}]}}