{"id":1724,"date":"2024-08-12T17:01:03","date_gmt":"2024-08-12T20:01:03","guid":{"rendered":"http:\/\/masquenoticiastucuman.com.ar\/?p=1724"},"modified":"2024-08-12T17:01:03","modified_gmt":"2024-08-12T20:01:03","slug":"el-momento-mas-feliz-de-independiente-despues-del-primer-triunfo-de-su-ciclo-vaccari-tiene-el-refuerzo-que-le-faltaba-y-apunta-al-clasico-contra-racing","status":"publish","type":"post","link":"https:\/\/masquenoticiastucuman.com.ar\/?p=1724","title":{"rendered":"El momento m\u00e1s feliz de Independiente: despu\u00e9s del primer triunfo de su ciclo, Vaccari tiene el refuerzo que le faltaba y apunta al cl\u00e1sico contra Racing"},"content":{"rendered":"<p>El Rojo venci\u00f3 2-0 a Estudiantes como visitante en La Plata.Despu\u00e9s de semanas complicadas, apareci\u00f3 la habilitaci\u00f3n que faltaba.<\/p>","protected":false},"excerpt":{"rendered":"<p>El Rojo venci\u00f3 2-0 a Estudiantes como visitante en La Plata.Despu\u00e9s de semanas complicadas, apareci\u00f3&#8230;<\/p>\n","protected":false},"author":0,"featured_media":0,"comment_status":"open","ping_status":"open","sticky":false,"template":"","format":"standard","meta":{"footnotes":""},"categories":[6],"tags":[],"class_list":["post-1724","post","type-post","status-publish","format-standard","has-post-thumbnail","hentry","category-deportes"],"_links":{"self":[{"href":"https:\/\/masquenoticiastucuman.com.ar\/index.php?rest_route=\/wp\/v2\/posts\/1724","targetHints":{"allow":["GET"]}}],"collection":[{"href":"https:\/\/masquenoticiastucuman.com.ar\/index.php?rest_route=\/wp\/v2\/posts"}],"about":[{"href":"https:\/\/masquenoticiastucuman.com.ar\/index.php?rest_route=\/wp\/v2\/types\/post"}],"replies":[{"embeddable":true,"href":"https:\/\/masquenoticiastucuman.com.ar\/index.php?rest_route=%2Fwp%2Fv2%2Fcomments&post=1724"}],"version-history":[{"count":0,"href":"https:\/\/masquenoticiastucuman.com.ar\/index.php?rest_route=\/wp\/v2\/posts\/1724\/revisions"}],"wp:attachment":[{"href":"https:\/\/masquenoticiastucuman.com.ar\/index.php?rest_route=%2Fwp%2Fv2%2Fmedia&parent=1724"}],"wp:term":[{"taxonomy":"category","embeddable":true,"href":"https:\/\/masquenoticiastucuman.com.ar\/index.php?rest_route=%2Fwp%2Fv2%2Fcategories&post=1724"},{"taxonomy":"post_tag","embeddable":true,"href":"https:\/\/masquenoticiastucuman.com.ar\/index.php?rest_route=%2Fwp%2Fv2%2Ftags&post=1724"}],"curies":[{"name":"wp","href":"https:\/\/api.w.org\/{rel}","templated":true}]}}