{"id":1725,"date":"2024-08-12T17:01:04","date_gmt":"2024-08-12T20:01:04","guid":{"rendered":"http:\/\/masquenoticiastucuman.com.ar\/?p=1725"},"modified":"2024-08-12T17:01:04","modified_gmt":"2024-08-12T20:01:04","slug":"el-primer-mensaje-de-donald-trump-en-x-tras-haber-pasado-tres-anos-con-la-cuenta-suspendida-estas-mejor-ahora-que-cuando-yo-era-presidente","status":"publish","type":"post","link":"https:\/\/masquenoticiastucuman.com.ar\/?p=1725","title":{"rendered":"El primer mensaje de Donald Trump en X, tras haber pasado tres a\u00f1os con la cuenta suspendida: &#8220;\u00bfEst\u00e1s mejor ahora que cuando yo era presidente?&#8221;"},"content":{"rendered":"<p>El expresidente republicano regres\u00f3 a la red social tras la toma del capitolio que termin\u00f3 con su perfil fuera de l\u00ednea en 2021.Cr\u00edticas furiosas a Biden, Kamala Harris, videos y una entrevista con Elon Musk, el due\u00f1o de X.<\/p>","protected":false},"excerpt":{"rendered":"<p>El expresidente republicano regres\u00f3 a la red social tras la toma del capitolio que termin\u00f3&#8230;<\/p>\n","protected":false},"author":0,"featured_media":0,"comment_status":"open","ping_status":"open","sticky":false,"template":"","format":"standard","meta":{"footnotes":""},"categories":[4],"tags":[],"class_list":["post-1725","post","type-post","status-publish","format-standard","hentry","category-internacionales"],"_links":{"self":[{"href":"https:\/\/masquenoticiastucuman.com.ar\/index.php?rest_route=\/wp\/v2\/posts\/1725","targetHints":{"allow":["GET"]}}],"collection":[{"href":"https:\/\/masquenoticiastucuman.com.ar\/index.php?rest_route=\/wp\/v2\/posts"}],"about":[{"href":"https:\/\/masquenoticiastucuman.com.ar\/index.php?rest_route=\/wp\/v2\/types\/post"}],"replies":[{"embeddable":true,"href":"https:\/\/masquenoticiastucuman.com.ar\/index.php?rest_route=%2Fwp%2Fv2%2Fcomments&post=1725"}],"version-history":[{"count":0,"href":"https:\/\/masquenoticiastucuman.com.ar\/index.php?rest_route=\/wp\/v2\/posts\/1725\/revisions"}],"wp:attachment":[{"href":"https:\/\/masquenoticiastucuman.com.ar\/index.php?rest_route=%2Fwp%2Fv2%2Fmedia&parent=1725"}],"wp:term":[{"taxonomy":"category","embeddable":true,"href":"https:\/\/masquenoticiastucuman.com.ar\/index.php?rest_route=%2Fwp%2Fv2%2Fcategories&post=1725"},{"taxonomy":"post_tag","embeddable":true,"href":"https:\/\/masquenoticiastucuman.com.ar\/index.php?rest_route=%2Fwp%2Fv2%2Ftags&post=1725"}],"curies":[{"name":"wp","href":"https:\/\/api.w.org\/{rel}","templated":true}]}}