{"id":1727,"date":"2024-08-12T17:01:05","date_gmt":"2024-08-12T20:01:05","guid":{"rendered":"http:\/\/masquenoticiastucuman.com.ar\/?p=1727"},"modified":"2024-08-12T17:01:05","modified_gmt":"2024-08-12T20:01:05","slug":"francia-termino-la-tregua-olimpica-y-se-inicia-el-maraton-politico-para-emmanuel-macron-que-sigue-sin-nombrar-primer-ministro","status":"publish","type":"post","link":"https:\/\/masquenoticiastucuman.com.ar\/?p=1727","title":{"rendered":"Francia: termin\u00f3 la &#8220;tregua ol\u00edmpica&#8221; y se inicia el marat\u00f3n pol\u00edtico para Emmanuel Macron, que sigue sin nombrar primer ministro"},"content":{"rendered":"<p>El pa\u00eds puso el domingo punto final a los Juegos Ol\u00edmpicos y al par\u00e9ntesis pol\u00edtico que decret\u00f3 el gobierno durante la fiesta deportiva. Ahora, el presidente enfrenta la tarea de nombrar a una figura al cargo de premier, tras las elecciones legislativas anticipadas de julio, en las que el oficialismo perdi\u00f3 fuerza.<\/p>","protected":false},"excerpt":{"rendered":"<p>El pa\u00eds puso el domingo punto final a los Juegos Ol\u00edmpicos y al par\u00e9ntesis pol\u00edtico&#8230;<\/p>\n","protected":false},"author":0,"featured_media":0,"comment_status":"open","ping_status":"open","sticky":false,"template":"","format":"standard","meta":{"footnotes":""},"categories":[4],"tags":[],"class_list":["post-1727","post","type-post","status-publish","format-standard","hentry","category-internacionales"],"_links":{"self":[{"href":"https:\/\/masquenoticiastucuman.com.ar\/index.php?rest_route=\/wp\/v2\/posts\/1727","targetHints":{"allow":["GET"]}}],"collection":[{"href":"https:\/\/masquenoticiastucuman.com.ar\/index.php?rest_route=\/wp\/v2\/posts"}],"about":[{"href":"https:\/\/masquenoticiastucuman.com.ar\/index.php?rest_route=\/wp\/v2\/types\/post"}],"replies":[{"embeddable":true,"href":"https:\/\/masquenoticiastucuman.com.ar\/index.php?rest_route=%2Fwp%2Fv2%2Fcomments&post=1727"}],"version-history":[{"count":0,"href":"https:\/\/masquenoticiastucuman.com.ar\/index.php?rest_route=\/wp\/v2\/posts\/1727\/revisions"}],"wp:attachment":[{"href":"https:\/\/masquenoticiastucuman.com.ar\/index.php?rest_route=%2Fwp%2Fv2%2Fmedia&parent=1727"}],"wp:term":[{"taxonomy":"category","embeddable":true,"href":"https:\/\/masquenoticiastucuman.com.ar\/index.php?rest_route=%2Fwp%2Fv2%2Fcategories&post=1727"},{"taxonomy":"post_tag","embeddable":true,"href":"https:\/\/masquenoticiastucuman.com.ar\/index.php?rest_route=%2Fwp%2Fv2%2Ftags&post=1727"}],"curies":[{"name":"wp","href":"https:\/\/api.w.org\/{rel}","templated":true}]}}