{"id":1740,"date":"2024-08-12T19:01:03","date_gmt":"2024-08-12T22:01:03","guid":{"rendered":"http:\/\/masquenoticiastucuman.com.ar\/?p=1740"},"modified":"2024-08-12T19:01:03","modified_gmt":"2024-08-12T22:01:03","slug":"donald-trump-sera-entrevistado-por-elon-musk-en-x-por-que-el-candidato-republicano-vuelve-a-la-red-social","status":"publish","type":"post","link":"https:\/\/masquenoticiastucuman.com.ar\/?p=1740","title":{"rendered":"Donald Trump ser\u00e1 entrevistado por Elon Musk en X: \u00bfPor qu\u00e9 el candidato republicano vuelve a la red social?"},"content":{"rendered":"<p>Hab\u00eda sido expulsado de Twitter en 2021 por incitar a la violencia, luego del asalto al Capitolio del 6 de enero de ese a\u00f1o. En 2022 fue reincorporado por el nuevo propietario, pero solo public\u00f3 un tuit. Qu\u00e9 pas\u00f3 para que regrese.<\/p>","protected":false},"excerpt":{"rendered":"<p>Hab\u00eda sido expulsado de Twitter en 2021 por incitar a la violencia, luego del asalto&#8230;<\/p>\n","protected":false},"author":0,"featured_media":0,"comment_status":"open","ping_status":"open","sticky":false,"template":"","format":"standard","meta":{"footnotes":""},"categories":[4],"tags":[],"class_list":["post-1740","post","type-post","status-publish","format-standard","hentry","category-internacionales"],"_links":{"self":[{"href":"https:\/\/masquenoticiastucuman.com.ar\/index.php?rest_route=\/wp\/v2\/posts\/1740","targetHints":{"allow":["GET"]}}],"collection":[{"href":"https:\/\/masquenoticiastucuman.com.ar\/index.php?rest_route=\/wp\/v2\/posts"}],"about":[{"href":"https:\/\/masquenoticiastucuman.com.ar\/index.php?rest_route=\/wp\/v2\/types\/post"}],"replies":[{"embeddable":true,"href":"https:\/\/masquenoticiastucuman.com.ar\/index.php?rest_route=%2Fwp%2Fv2%2Fcomments&post=1740"}],"version-history":[{"count":0,"href":"https:\/\/masquenoticiastucuman.com.ar\/index.php?rest_route=\/wp\/v2\/posts\/1740\/revisions"}],"wp:attachment":[{"href":"https:\/\/masquenoticiastucuman.com.ar\/index.php?rest_route=%2Fwp%2Fv2%2Fmedia&parent=1740"}],"wp:term":[{"taxonomy":"category","embeddable":true,"href":"https:\/\/masquenoticiastucuman.com.ar\/index.php?rest_route=%2Fwp%2Fv2%2Fcategories&post=1740"},{"taxonomy":"post_tag","embeddable":true,"href":"https:\/\/masquenoticiastucuman.com.ar\/index.php?rest_route=%2Fwp%2Fv2%2Ftags&post=1740"}],"curies":[{"name":"wp","href":"https:\/\/api.w.org\/{rel}","templated":true}]}}