{"id":1744,"date":"2024-08-12T19:01:05","date_gmt":"2024-08-12T22:01:05","guid":{"rendered":"http:\/\/masquenoticiastucuman.com.ar\/?p=1744"},"modified":"2024-08-12T19:01:05","modified_gmt":"2024-08-12T22:01:05","slug":"un-nuevo-informe-profundizo-la-caida-de-la-cotizacion-de-la-soja-retrocedio-30-en-un-ano","status":"publish","type":"post","link":"https:\/\/masquenoticiastucuman.com.ar\/?p=1744","title":{"rendered":"Un nuevo informe profundiz\u00f3 la ca\u00edda de la cotizaci\u00f3n de la soja: retrocedi\u00f3 30% en un a\u00f1o"},"content":{"rendered":"<p>La oleaginosa comenz\u00f3 la semana en descenso y baj\u00f3 a US$ 356.Se debe a nuevas estimaciones del Departamento de Agricultura de Estados Unidos.<\/p>","protected":false},"excerpt":{"rendered":"<p>La oleaginosa comenz\u00f3 la semana en descenso y baj\u00f3 a US$ 356.Se debe a nuevas&#8230;<\/p>\n","protected":false},"author":0,"featured_media":0,"comment_status":"open","ping_status":"open","sticky":false,"template":"","format":"standard","meta":{"footnotes":""},"categories":[3],"tags":[],"class_list":["post-1744","post","type-post","status-publish","format-standard","hentry","category-nacionales"],"_links":{"self":[{"href":"https:\/\/masquenoticiastucuman.com.ar\/index.php?rest_route=\/wp\/v2\/posts\/1744","targetHints":{"allow":["GET"]}}],"collection":[{"href":"https:\/\/masquenoticiastucuman.com.ar\/index.php?rest_route=\/wp\/v2\/posts"}],"about":[{"href":"https:\/\/masquenoticiastucuman.com.ar\/index.php?rest_route=\/wp\/v2\/types\/post"}],"replies":[{"embeddable":true,"href":"https:\/\/masquenoticiastucuman.com.ar\/index.php?rest_route=%2Fwp%2Fv2%2Fcomments&post=1744"}],"version-history":[{"count":0,"href":"https:\/\/masquenoticiastucuman.com.ar\/index.php?rest_route=\/wp\/v2\/posts\/1744\/revisions"}],"wp:attachment":[{"href":"https:\/\/masquenoticiastucuman.com.ar\/index.php?rest_route=%2Fwp%2Fv2%2Fmedia&parent=1744"}],"wp:term":[{"taxonomy":"category","embeddable":true,"href":"https:\/\/masquenoticiastucuman.com.ar\/index.php?rest_route=%2Fwp%2Fv2%2Fcategories&post=1744"},{"taxonomy":"post_tag","embeddable":true,"href":"https:\/\/masquenoticiastucuman.com.ar\/index.php?rest_route=%2Fwp%2Fv2%2Ftags&post=1744"}],"curies":[{"name":"wp","href":"https:\/\/api.w.org\/{rel}","templated":true}]}}