{"id":1745,"date":"2024-08-12T20:01:02","date_gmt":"2024-08-12T23:01:02","guid":{"rendered":"http:\/\/masquenoticiastucuman.com.ar\/?p=1745"},"modified":"2024-08-12T20:01:02","modified_gmt":"2024-08-12T23:01:02","slug":"una-vuelta-por-buenos-aires-con-franco-colapinto-estoy-mas-que-listo-para-subir-a-un-formula-1-quiero-llegar-lo-antes-posible","status":"publish","type":"post","link":"https:\/\/masquenoticiastucuman.com.ar\/?p=1745","title":{"rendered":"Una vuelta por Buenos Aires con Franco Colapinto: &#8220;Estoy m\u00e1s que listo para subir a un F\u00f3rmula 1, quiero llegar lo antes posible&#8221;"},"content":{"rendered":"<p>Clar\u00edn comparti\u00f3 un paseo con el piloto argentino que est\u00e1 m\u00e1s cerca de la m\u00e1xima categor\u00eda.&#8221;El plan para 2025 es ganar la F\u00f3rmula 2&#8243;, dice Franco que espera la gran chance.<\/p>","protected":false},"excerpt":{"rendered":"<p>Clar\u00edn comparti\u00f3 un paseo con el piloto argentino que est\u00e1 m\u00e1s cerca de la m\u00e1xima&#8230;<\/p>\n","protected":false},"author":0,"featured_media":0,"comment_status":"open","ping_status":"open","sticky":false,"template":"","format":"standard","meta":{"footnotes":""},"categories":[6],"tags":[],"class_list":["post-1745","post","type-post","status-publish","format-standard","has-post-thumbnail","hentry","category-deportes"],"_links":{"self":[{"href":"https:\/\/masquenoticiastucuman.com.ar\/index.php?rest_route=\/wp\/v2\/posts\/1745","targetHints":{"allow":["GET"]}}],"collection":[{"href":"https:\/\/masquenoticiastucuman.com.ar\/index.php?rest_route=\/wp\/v2\/posts"}],"about":[{"href":"https:\/\/masquenoticiastucuman.com.ar\/index.php?rest_route=\/wp\/v2\/types\/post"}],"replies":[{"embeddable":true,"href":"https:\/\/masquenoticiastucuman.com.ar\/index.php?rest_route=%2Fwp%2Fv2%2Fcomments&post=1745"}],"version-history":[{"count":0,"href":"https:\/\/masquenoticiastucuman.com.ar\/index.php?rest_route=\/wp\/v2\/posts\/1745\/revisions"}],"wp:attachment":[{"href":"https:\/\/masquenoticiastucuman.com.ar\/index.php?rest_route=%2Fwp%2Fv2%2Fmedia&parent=1745"}],"wp:term":[{"taxonomy":"category","embeddable":true,"href":"https:\/\/masquenoticiastucuman.com.ar\/index.php?rest_route=%2Fwp%2Fv2%2Fcategories&post=1745"},{"taxonomy":"post_tag","embeddable":true,"href":"https:\/\/masquenoticiastucuman.com.ar\/index.php?rest_route=%2Fwp%2Fv2%2Ftags&post=1745"}],"curies":[{"name":"wp","href":"https:\/\/api.w.org\/{rel}","templated":true}]}}