{"id":1746,"date":"2024-08-12T20:01:03","date_gmt":"2024-08-12T23:01:03","guid":{"rendered":"http:\/\/masquenoticiastucuman.com.ar\/?p=1746"},"modified":"2024-08-12T20:01:03","modified_gmt":"2024-08-12T23:01:03","slug":"rusia-evacua-a-mas-de-130-000-civiles-ante-la-creciente-amenaza-de-tropas-y-tanques-ucranianos-en-su-territorio","status":"publish","type":"post","link":"https:\/\/masquenoticiastucuman.com.ar\/?p=1746","title":{"rendered":"Rusia evac\u00faa a m\u00e1s de 130.000 civiles ante la creciente amenaza de tropas y tanques ucranianos en su territorio"},"content":{"rendered":"<p>Es en las regiones de Kursk y B\u00e9lgorod, donde Mosc\u00fa admiti\u00f3 que Ucrania controla 28 poblados. Es una incursi\u00f3n in\u00e9dita en suelo ruso, que ahora sufre la guerra dentro de sus propias fronteras.<\/p>","protected":false},"excerpt":{"rendered":"<p>Es en las regiones de Kursk y B\u00e9lgorod, donde Mosc\u00fa admiti\u00f3 que Ucrania controla 28&#8230;<\/p>\n","protected":false},"author":0,"featured_media":0,"comment_status":"open","ping_status":"open","sticky":false,"template":"","format":"standard","meta":{"footnotes":""},"categories":[4],"tags":[],"class_list":["post-1746","post","type-post","status-publish","format-standard","hentry","category-internacionales"],"_links":{"self":[{"href":"https:\/\/masquenoticiastucuman.com.ar\/index.php?rest_route=\/wp\/v2\/posts\/1746","targetHints":{"allow":["GET"]}}],"collection":[{"href":"https:\/\/masquenoticiastucuman.com.ar\/index.php?rest_route=\/wp\/v2\/posts"}],"about":[{"href":"https:\/\/masquenoticiastucuman.com.ar\/index.php?rest_route=\/wp\/v2\/types\/post"}],"replies":[{"embeddable":true,"href":"https:\/\/masquenoticiastucuman.com.ar\/index.php?rest_route=%2Fwp%2Fv2%2Fcomments&post=1746"}],"version-history":[{"count":0,"href":"https:\/\/masquenoticiastucuman.com.ar\/index.php?rest_route=\/wp\/v2\/posts\/1746\/revisions"}],"wp:attachment":[{"href":"https:\/\/masquenoticiastucuman.com.ar\/index.php?rest_route=%2Fwp%2Fv2%2Fmedia&parent=1746"}],"wp:term":[{"taxonomy":"category","embeddable":true,"href":"https:\/\/masquenoticiastucuman.com.ar\/index.php?rest_route=%2Fwp%2Fv2%2Fcategories&post=1746"},{"taxonomy":"post_tag","embeddable":true,"href":"https:\/\/masquenoticiastucuman.com.ar\/index.php?rest_route=%2Fwp%2Fv2%2Ftags&post=1746"}],"curies":[{"name":"wp","href":"https:\/\/api.w.org\/{rel}","templated":true}]}}