{"id":19257,"date":"2025-01-15T13:01:07","date_gmt":"2025-01-15T16:01:07","guid":{"rendered":"http:\/\/masquenoticiastucuman.com.ar\/?p=19257"},"modified":"2025-01-15T13:01:07","modified_gmt":"2025-01-15T16:01:07","slug":"cuba-inicio-la-liberacion-de-presos-politicos-tras-salir-de-la-lista-de-promotores-del-terrorismo","status":"publish","type":"post","link":"https:\/\/masquenoticiastucuman.com.ar\/?p=19257","title":{"rendered":"Cuba inici\u00f3 la liberaci\u00f3n de presos pol\u00edticos tras salir de la lista de promotores del terrorismo"},"content":{"rendered":"<ul>\n<li>Familiares de varios reclusos fueron convocados a primera hora de la ma\u00f1ana a centros penitenciarios.<\/li>\n<li>La Habana dijo que excarcelar\u00eda unos 553 detenidos de forma gradual.<\/li>\n<\/ul>","protected":false},"excerpt":{"rendered":"<p>Familiares de varios reclusos fueron convocados a primera hora de la ma\u00f1ana a centros penitenciarios&#8230;.<\/p>\n","protected":false},"author":1,"featured_media":0,"comment_status":"open","ping_status":"open","sticky":false,"template":"","format":"standard","meta":{"footnotes":""},"categories":[4],"tags":[],"class_list":["post-19257","post","type-post","status-publish","format-standard","hentry","category-internacionales"],"_links":{"self":[{"href":"https:\/\/masquenoticiastucuman.com.ar\/index.php?rest_route=\/wp\/v2\/posts\/19257","targetHints":{"allow":["GET"]}}],"collection":[{"href":"https:\/\/masquenoticiastucuman.com.ar\/index.php?rest_route=\/wp\/v2\/posts"}],"about":[{"href":"https:\/\/masquenoticiastucuman.com.ar\/index.php?rest_route=\/wp\/v2\/types\/post"}],"author":[{"embeddable":true,"href":"https:\/\/masquenoticiastucuman.com.ar\/index.php?rest_route=\/wp\/v2\/users\/1"}],"replies":[{"embeddable":true,"href":"https:\/\/masquenoticiastucuman.com.ar\/index.php?rest_route=%2Fwp%2Fv2%2Fcomments&post=19257"}],"version-history":[{"count":0,"href":"https:\/\/masquenoticiastucuman.com.ar\/index.php?rest_route=\/wp\/v2\/posts\/19257\/revisions"}],"wp:attachment":[{"href":"https:\/\/masquenoticiastucuman.com.ar\/index.php?rest_route=%2Fwp%2Fv2%2Fmedia&parent=19257"}],"wp:term":[{"taxonomy":"category","embeddable":true,"href":"https:\/\/masquenoticiastucuman.com.ar\/index.php?rest_route=%2Fwp%2Fv2%2Fcategories&post=19257"},{"taxonomy":"post_tag","embeddable":true,"href":"https:\/\/masquenoticiastucuman.com.ar\/index.php?rest_route=%2Fwp%2Fv2%2Ftags&post=19257"}],"curies":[{"name":"wp","href":"https:\/\/api.w.org\/{rel}","templated":true}]}}