{"id":19287,"date":"2025-01-15T18:01:07","date_gmt":"2025-01-15T21:01:07","guid":{"rendered":"http:\/\/masquenoticiastucuman.com.ar\/?p=19287"},"modified":"2025-01-15T18:01:07","modified_gmt":"2025-01-15T21:01:07","slug":"es-una-broma-la-insolita-respuesta-de-joe-biden-cuando-le-preguntaron-si-el-acuerdo-israel-hamas-era-merito-de-donald-trump","status":"publish","type":"post","link":"https:\/\/masquenoticiastucuman.com.ar\/?p=19287","title":{"rendered":"&#8220;\u00bfEs una broma?&#8221;: la ins\u00f3lita respuesta de Joe Biden cuando le preguntaron si el acuerdo Israel-Hamas era m\u00e9rito de Donald Trump"},"content":{"rendered":"<ul>\n<li>El presidente de Estados Unidos destac\u00f3 que trabaj\u00f3 &#8220;como un equipo&#8221; con el republicano, que lo reemplazar\u00e1 el 20 de enero.<\/li>\n<li>La pregunta que lo incomod\u00f3 al final de la conferencia de prensa.<\/li>\n<\/ul>","protected":false},"excerpt":{"rendered":"<p>El presidente de Estados Unidos destac\u00f3 que trabaj\u00f3 &#8220;como un equipo&#8221; con el republicano, que&#8230;<\/p>\n","protected":false},"author":1,"featured_media":0,"comment_status":"open","ping_status":"open","sticky":false,"template":"","format":"standard","meta":{"footnotes":""},"categories":[4],"tags":[],"class_list":["post-19287","post","type-post","status-publish","format-standard","hentry","category-internacionales"],"_links":{"self":[{"href":"https:\/\/masquenoticiastucuman.com.ar\/index.php?rest_route=\/wp\/v2\/posts\/19287","targetHints":{"allow":["GET"]}}],"collection":[{"href":"https:\/\/masquenoticiastucuman.com.ar\/index.php?rest_route=\/wp\/v2\/posts"}],"about":[{"href":"https:\/\/masquenoticiastucuman.com.ar\/index.php?rest_route=\/wp\/v2\/types\/post"}],"author":[{"embeddable":true,"href":"https:\/\/masquenoticiastucuman.com.ar\/index.php?rest_route=\/wp\/v2\/users\/1"}],"replies":[{"embeddable":true,"href":"https:\/\/masquenoticiastucuman.com.ar\/index.php?rest_route=%2Fwp%2Fv2%2Fcomments&post=19287"}],"version-history":[{"count":0,"href":"https:\/\/masquenoticiastucuman.com.ar\/index.php?rest_route=\/wp\/v2\/posts\/19287\/revisions"}],"wp:attachment":[{"href":"https:\/\/masquenoticiastucuman.com.ar\/index.php?rest_route=%2Fwp%2Fv2%2Fmedia&parent=19287"}],"wp:term":[{"taxonomy":"category","embeddable":true,"href":"https:\/\/masquenoticiastucuman.com.ar\/index.php?rest_route=%2Fwp%2Fv2%2Fcategories&post=19287"},{"taxonomy":"post_tag","embeddable":true,"href":"https:\/\/masquenoticiastucuman.com.ar\/index.php?rest_route=%2Fwp%2Fv2%2Ftags&post=19287"}],"curies":[{"name":"wp","href":"https:\/\/api.w.org\/{rel}","templated":true}]}}