{"id":19290,"date":"2025-01-15T19:01:05","date_gmt":"2025-01-15T22:01:05","guid":{"rendered":"http:\/\/masquenoticiastucuman.com.ar\/?p=19290"},"modified":"2025-01-15T19:01:05","modified_gmt":"2025-01-15T22:01:05","slug":"el-debut-de-almendra-cumple-55-anos-la-magia-de-spinetta-un-grupo-perfecto-y-las-historias-detras-de-la-tapa-y-la-insolita-fecha-de-salida","status":"publish","type":"post","link":"https:\/\/masquenoticiastucuman.com.ar\/?p=19290","title":{"rendered":"El debut de Almendra cumple 55 a\u00f1os: la magia de Spinetta, un grupo perfecto y las historias detr\u00e1s de la tapa y la ins\u00f3lita fecha de salida"},"content":{"rendered":"<ul>\n<li>El Flaco, Emilio Del Guercio, Edelmiro Molinari y Rodolfo Garc\u00eda dejaron una huella indeleble en la m\u00fasica popular. <\/li>\n<li>Los detalles de la grabaci\u00f3n y la tapa con el payaso, la sopapa y la l\u00e1grima.<\/li>\n<\/ul>","protected":false},"excerpt":{"rendered":"<p>El Flaco, Emilio Del Guercio, Edelmiro Molinari y Rodolfo Garc\u00eda dejaron una huella indeleble en&#8230;<\/p>\n","protected":false},"author":1,"featured_media":0,"comment_status":"open","ping_status":"open","sticky":false,"template":"","format":"standard","meta":{"footnotes":""},"categories":[5],"tags":[],"class_list":["post-19290","post","type-post","status-publish","format-standard","hentry","category-espectaculo"],"_links":{"self":[{"href":"https:\/\/masquenoticiastucuman.com.ar\/index.php?rest_route=\/wp\/v2\/posts\/19290","targetHints":{"allow":["GET"]}}],"collection":[{"href":"https:\/\/masquenoticiastucuman.com.ar\/index.php?rest_route=\/wp\/v2\/posts"}],"about":[{"href":"https:\/\/masquenoticiastucuman.com.ar\/index.php?rest_route=\/wp\/v2\/types\/post"}],"author":[{"embeddable":true,"href":"https:\/\/masquenoticiastucuman.com.ar\/index.php?rest_route=\/wp\/v2\/users\/1"}],"replies":[{"embeddable":true,"href":"https:\/\/masquenoticiastucuman.com.ar\/index.php?rest_route=%2Fwp%2Fv2%2Fcomments&post=19290"}],"version-history":[{"count":0,"href":"https:\/\/masquenoticiastucuman.com.ar\/index.php?rest_route=\/wp\/v2\/posts\/19290\/revisions"}],"wp:attachment":[{"href":"https:\/\/masquenoticiastucuman.com.ar\/index.php?rest_route=%2Fwp%2Fv2%2Fmedia&parent=19290"}],"wp:term":[{"taxonomy":"category","embeddable":true,"href":"https:\/\/masquenoticiastucuman.com.ar\/index.php?rest_route=%2Fwp%2Fv2%2Fcategories&post=19290"},{"taxonomy":"post_tag","embeddable":true,"href":"https:\/\/masquenoticiastucuman.com.ar\/index.php?rest_route=%2Fwp%2Fv2%2Ftags&post=19290"}],"curies":[{"name":"wp","href":"https:\/\/api.w.org\/{rel}","templated":true}]}}