{"id":19292,"date":"2025-01-15T19:01:07","date_gmt":"2025-01-15T22:01:07","guid":{"rendered":"http:\/\/masquenoticiastucuman.com.ar\/?p=19292"},"modified":"2025-01-15T19:01:07","modified_gmt":"2025-01-15T22:01:07","slug":"ander-herrera-piso-buenos-aires-y-recibio-un-extrano-reproche-de-un-fanatico-del-real-zaragoza-de-espana","status":"publish","type":"post","link":"https:\/\/masquenoticiastucuman.com.ar\/?p=19292","title":{"rendered":"Ander Herrera pis\u00f3 Buenos Aires y recibi\u00f3 un extra\u00f1o reproche de un fan\u00e1tico del Real Zaragoza de Espa\u00f1a"},"content":{"rendered":"<ul>\n<li>El volante espa\u00f1ol lleg\u00f3 este mi\u00e9rcoles a Ezeiza y un hincha le empez\u00f3 a gritar.<\/li>\n<li>&#8220;No s\u00e9 por qu\u00e9 est\u00e1 ac\u00e1 y no est\u00e1 all\u00e1&#8221;, dijo en relaci\u00f3n al club espa\u00f1ol.<\/li>\n<li>Herrera inici\u00f3 su carrera como profesional en Zaragoza, que est\u00e1 en la Segunda Divisi\u00f3n.<\/li>\n<\/ul>","protected":false},"excerpt":{"rendered":"<p>El volante espa\u00f1ol lleg\u00f3 este mi\u00e9rcoles a Ezeiza y un hincha le empez\u00f3 a gritar&#8230;.<\/p>\n","protected":false},"author":1,"featured_media":0,"comment_status":"open","ping_status":"open","sticky":false,"template":"","format":"standard","meta":{"footnotes":""},"categories":[6],"tags":[],"class_list":["post-19292","post","type-post","status-publish","format-standard","hentry","category-deportes"],"_links":{"self":[{"href":"https:\/\/masquenoticiastucuman.com.ar\/index.php?rest_route=\/wp\/v2\/posts\/19292","targetHints":{"allow":["GET"]}}],"collection":[{"href":"https:\/\/masquenoticiastucuman.com.ar\/index.php?rest_route=\/wp\/v2\/posts"}],"about":[{"href":"https:\/\/masquenoticiastucuman.com.ar\/index.php?rest_route=\/wp\/v2\/types\/post"}],"author":[{"embeddable":true,"href":"https:\/\/masquenoticiastucuman.com.ar\/index.php?rest_route=\/wp\/v2\/users\/1"}],"replies":[{"embeddable":true,"href":"https:\/\/masquenoticiastucuman.com.ar\/index.php?rest_route=%2Fwp%2Fv2%2Fcomments&post=19292"}],"version-history":[{"count":0,"href":"https:\/\/masquenoticiastucuman.com.ar\/index.php?rest_route=\/wp\/v2\/posts\/19292\/revisions"}],"wp:attachment":[{"href":"https:\/\/masquenoticiastucuman.com.ar\/index.php?rest_route=%2Fwp%2Fv2%2Fmedia&parent=19292"}],"wp:term":[{"taxonomy":"category","embeddable":true,"href":"https:\/\/masquenoticiastucuman.com.ar\/index.php?rest_route=%2Fwp%2Fv2%2Fcategories&post=19292"},{"taxonomy":"post_tag","embeddable":true,"href":"https:\/\/masquenoticiastucuman.com.ar\/index.php?rest_route=%2Fwp%2Fv2%2Ftags&post=19292"}],"curies":[{"name":"wp","href":"https:\/\/api.w.org\/{rel}","templated":true}]}}