{"id":19312,"date":"2025-01-15T22:01:06","date_gmt":"2025-01-16T01:01:06","guid":{"rendered":"http:\/\/masquenoticiastucuman.com.ar\/?p=19312"},"modified":"2025-01-15T22:01:06","modified_gmt":"2025-01-16T01:01:06","slug":"estados-unidos-joe-biden-se-despide-con-una-defensa-de-su-legado-y-con-criticas-a-donald-trump","status":"publish","type":"post","link":"https:\/\/masquenoticiastucuman.com.ar\/?p=19312","title":{"rendered":"Estados Unidos: Joe Biden se despide con una defensa de su legado y con cr\u00edticas a Donald Trump"},"content":{"rendered":"<p>Dar\u00e1 un discurso esta noche para resaltar su gesti\u00f3n, antes de dejar el lunes la Casa Blanca. En una carta dijo que en los pr\u00f3ximos a\u00f1os el &#8220;alma de Estados Unidos est\u00e1 en juego&#8221;.<\/p>","protected":false},"excerpt":{"rendered":"<p>Dar\u00e1 un discurso esta noche para resaltar su gesti\u00f3n, antes de dejar el lunes la&#8230;<\/p>\n","protected":false},"author":1,"featured_media":0,"comment_status":"open","ping_status":"open","sticky":false,"template":"","format":"standard","meta":{"footnotes":""},"categories":[4],"tags":[],"class_list":["post-19312","post","type-post","status-publish","format-standard","hentry","category-internacionales"],"_links":{"self":[{"href":"https:\/\/masquenoticiastucuman.com.ar\/index.php?rest_route=\/wp\/v2\/posts\/19312","targetHints":{"allow":["GET"]}}],"collection":[{"href":"https:\/\/masquenoticiastucuman.com.ar\/index.php?rest_route=\/wp\/v2\/posts"}],"about":[{"href":"https:\/\/masquenoticiastucuman.com.ar\/index.php?rest_route=\/wp\/v2\/types\/post"}],"author":[{"embeddable":true,"href":"https:\/\/masquenoticiastucuman.com.ar\/index.php?rest_route=\/wp\/v2\/users\/1"}],"replies":[{"embeddable":true,"href":"https:\/\/masquenoticiastucuman.com.ar\/index.php?rest_route=%2Fwp%2Fv2%2Fcomments&post=19312"}],"version-history":[{"count":0,"href":"https:\/\/masquenoticiastucuman.com.ar\/index.php?rest_route=\/wp\/v2\/posts\/19312\/revisions"}],"wp:attachment":[{"href":"https:\/\/masquenoticiastucuman.com.ar\/index.php?rest_route=%2Fwp%2Fv2%2Fmedia&parent=19312"}],"wp:term":[{"taxonomy":"category","embeddable":true,"href":"https:\/\/masquenoticiastucuman.com.ar\/index.php?rest_route=%2Fwp%2Fv2%2Fcategories&post=19312"},{"taxonomy":"post_tag","embeddable":true,"href":"https:\/\/masquenoticiastucuman.com.ar\/index.php?rest_route=%2Fwp%2Fv2%2Ftags&post=19312"}],"curies":[{"name":"wp","href":"https:\/\/api.w.org\/{rel}","templated":true}]}}