{"id":19335,"date":"2025-01-16T07:27:12","date_gmt":"2025-01-16T10:27:12","guid":{"rendered":"https:\/\/masquenoticiastucuman.com.ar\/?p=19335"},"modified":"2025-01-16T07:27:12","modified_gmt":"2025-01-16T10:27:12","slug":"san-miguel-de-tucuman-comienza-a-embellecerse-con-100-nuevos-murales","status":"publish","type":"post","link":"https:\/\/masquenoticiastucuman.com.ar\/?p=19335","title":{"rendered":"San Miguel de Tucum\u00e1n comienza a embellecerse con 100 nuevos murales"},"content":{"rendered":"\n<p>Artistas locales convocados por el Municipio iniciaron la pintura de murales en distintos lugares de la Capital en el marco de la iniciativa \u201cPintamos la ciudad que queremos\u201d.<\/p>\n\n\n\n<p>El paisaje urbano de San Miguel de Tucum\u00e1n comienza a transformarse y llenarse de color con la pintura de murales, en el marco de la iniciativa \u201cPintamos la ciudad que queremos\u201d, impulsada por la Municipalidad capitalina con el objetivo de jerarquizar el espacio p\u00fablico a trav\u00e9s del arte y acercar la producci\u00f3n art\u00edstica local a la ciudadan\u00eda.&nbsp;<\/p>\n\n\n\n<p>Uno de los 10 compromisos que asumi\u00f3 la intendenta&nbsp;<strong>Rossana Chahla<\/strong>&nbsp;tras cumplir su primer a\u00f1o de gesti\u00f3n fue el de pintar 100 murales a lo largo y a lo ancho de la capital tucumana durante el 2025. Para alcanzar este objetivo, el Municipio hizo una convocatoria abierta para que los artistas presenten sus proyectos.<\/p>\n\n\n\n<p><strong>Soledad Valenzuela<\/strong>, secretaria de Cultura del Municipio se refiri\u00f3 al respecto y cont\u00f3: \u201cRecibimos 421 propuestas de las cu\u00e1les fueron seleccionados los 100 murales, algunos de los cuales ya iniciaron. El objetivo es terminarlos en abril cuando se cumplan los 180 d\u00edas del segundo a\u00f1o de gesti\u00f3n. Con este programa se est\u00e1 dando una gran transformaci\u00f3n de nuestra ciudad\u201d. &nbsp;<\/p>\n\n\n\n<p>Las obras elegidas reflejan la identidad de nuestra ciudad. Retratan, por ejemplo, a emblem\u00e1ticas artistas tucumanas como Mercedes Sosa y Lola Mora, coloridas flores, escenas de la industria azucarera y de la cosecha del lim\u00f3n, el ferrocarril, paisajes norte\u00f1os, personajes urbanos, acontecimientos de nuestra historia como la Batalla de Tucum\u00e1n, animales, rostros, manifestaciones deportivas y pinturas abstractas, entre otros contenidos.&nbsp;<\/p>\n\n\n\n<p>Valenzuela coment\u00f3 que este segundo llamado de &#8220;Pintamos la ciudad que queremos&#8221; fue muy exitoso: \u201cTriplicamos la cantidad de artistas que enviaron sus propuestas, pero tambi\u00e9n la calidad de las mismas. Hay artistas que son muy reconocidos en San Miguel de Tucum\u00e1n y artistas emergentes muy j\u00f3venes. Para eso tambi\u00e9n realizamos estos murales, para que generar una galer\u00eda a cielo abierto. El objetivo es que la gente viva y transite el arte. Esta propuesta de la intendenta cambia el \u00e1nimo, la cara de la ciudad y es una manera de conocer y de reconocer a nuestros artistas\u201d, concluy\u00f3 la secretaria. &nbsp;<\/p>\n\n\n\n<p>Las intervenciones art\u00edsticas ya se iniciaron en los barrios Judicial, San Mart\u00edn, Floresta y en Villa 9 de Julio, en una de las paredes del club Sportivo Guzm\u00e1n; mientras que las obras prontas a realizarse ser\u00e1n en barrio Kennedy, en San Lorenzo y Libertad; en Ayacucho y Democracia y en avenida Francisco de Aguirre 1600 (Direcci\u00f3n de Poblaci\u00f3n Animal).&nbsp;<\/p>\n\n\n\n<h2 class=\"wp-block-heading\">El arte en primera persona&nbsp;<\/h2>\n\n\n\n<p>Esta propuesta lanzada por la Municipalidad de San Miguel de Tucum\u00e1n trascendi\u00f3 los l\u00edmites de la ciudad. As\u00ed fue que Cinthya Mamondes, licenciada en Artes Pl\u00e1sticas y docente oriunda de Amaicha del Valle, est\u00e1 plasmando su obra en la plazoleta Islas Malvinas, ubicada en San Lorenzo y pasaje Rep\u00fablica. Reconoci\u00f3 estar \u201cmuy contenta por la selecci\u00f3n y por la confianza en este trabajo\u201d. &nbsp;<\/p>\n\n\n\n<p>\u201cYo soy de la comunidad ind\u00edgena de Amaicha del Valle. Como artistas emergentes tenemos un mensaje que transmitir desde las artes y desde los oficios, que est\u00e1 relacionado con la Madre Tierra, con los guardianes de los cerros, con los Apus que nos protegen, que de alguna manera nos contienen, que son dadores de biodiversidad y sagrados para nuestras culturas, entonces es un mensaje de una representaci\u00f3n de estos esp\u00edritus en sus diferentes formas\u201d, relat\u00f3 Mamondes a la hora de dar detalles de la tem\u00e1tica de su mural.&nbsp;&nbsp;<\/p>\n\n\n\n<p>La joven artista de los valles expres\u00f3 adem\u00e1s que \u201ces una sensaci\u00f3n muy satisfactoria saber que otras personas lo pueden disfrutar y no en un museo, es algo importante. La relaci\u00f3n del mural con la sociedad, c\u00f3mo reaccionan las personas que pasan, que preguntan, que les causa inter\u00e9s el significado. Ese es un poco el mensaje y las caracter\u00edsticas que tienen los murales\u201d, cerr\u00f3.<\/p>\n\n\n\n<figure class=\"wp-block-image size-large\"><img decoding=\"async\" src=\"https:\/\/masquenoticiastucuman.com.ar\/wp-content\/uploads\/2025\/01\/multimedia.grande.91db5020e82bbfc8.MjAyNSBtdXJhbGVzIHBpbnRhbW9zIGxhIGNpdWRhZCBfZ3JhbmRlLndlYnA-1024x683.webp\" alt=\"\" class=\"wp-image-19337\" \/><\/figure>\n","protected":false},"excerpt":{"rendered":"<p>Artistas locales convocados por el Municipio iniciaron la pintura de murales en distintos lugares de&#8230;<\/p>\n","protected":false},"author":2,"featured_media":0,"comment_status":"open","ping_status":"open","sticky":false,"template":"","format":"standard","meta":{"footnotes":""},"categories":[2],"tags":[],"class_list":["post-19335","post","type-post","status-publish","format-standard","hentry","category-locales"],"_links":{"self":[{"href":"https:\/\/masquenoticiastucuman.com.ar\/index.php?rest_route=\/wp\/v2\/posts\/19335","targetHints":{"allow":["GET"]}}],"collection":[{"href":"https:\/\/masquenoticiastucuman.com.ar\/index.php?rest_route=\/wp\/v2\/posts"}],"about":[{"href":"https:\/\/masquenoticiastucuman.com.ar\/index.php?rest_route=\/wp\/v2\/types\/post"}],"author":[{"embeddable":true,"href":"https:\/\/masquenoticiastucuman.com.ar\/index.php?rest_route=\/wp\/v2\/users\/2"}],"replies":[{"embeddable":true,"href":"https:\/\/masquenoticiastucuman.com.ar\/index.php?rest_route=%2Fwp%2Fv2%2Fcomments&post=19335"}],"version-history":[{"count":1,"href":"https:\/\/masquenoticiastucuman.com.ar\/index.php?rest_route=\/wp\/v2\/posts\/19335\/revisions"}],"predecessor-version":[{"id":19338,"href":"https:\/\/masquenoticiastucuman.com.ar\/index.php?rest_route=\/wp\/v2\/posts\/19335\/revisions\/19338"}],"wp:attachment":[{"href":"https:\/\/masquenoticiastucuman.com.ar\/index.php?rest_route=%2Fwp%2Fv2%2Fmedia&parent=19335"}],"wp:term":[{"taxonomy":"category","embeddable":true,"href":"https:\/\/masquenoticiastucuman.com.ar\/index.php?rest_route=%2Fwp%2Fv2%2Fcategories&post=19335"},{"taxonomy":"post_tag","embeddable":true,"href":"https:\/\/masquenoticiastucuman.com.ar\/index.php?rest_route=%2Fwp%2Fv2%2Ftags&post=19335"}],"curies":[{"name":"wp","href":"https:\/\/api.w.org\/{rel}","templated":true}]}}