{"id":19339,"date":"2025-01-16T07:43:00","date_gmt":"2025-01-16T10:43:00","guid":{"rendered":"https:\/\/masquenoticiastucuman.com.ar\/?p=19339"},"modified":"2025-01-16T07:43:01","modified_gmt":"2025-01-16T10:43:01","slug":"yanina-latorre-confirmo-el-embarazo-de-la-china-suarez","status":"publish","type":"post","link":"https:\/\/masquenoticiastucuman.com.ar\/?p=19339","title":{"rendered":"Yanina Latorre confirm\u00f3 el embarazo de La China Su\u00e1rez"},"content":{"rendered":"\n<p>A trav\u00e9s de su cuenta de Instagram, la panelista de LAM sac\u00f3 a la luz lo que podr\u00eda ser el gran esc\u00e1ndalo o la noticia del a\u00f1o<\/p>\n\n\n\n<p>La noticia que mantuvo en vilo a los fan\u00e1ticos de la far\u00e1ndula finalmente se confirm\u00f3. Yanina Latorre, panelista de Los \u00c1ngeles de la Ma\u00f1ana, anunci\u00f3 el embarazo de La China Su\u00e1rez. La panelista sorprendi\u00f3 a todos y hasta respald\u00f3 la informaci\u00f3n que proviene de una fuente del entorno de la actriz: \u201cDel obstetra de ella\u201d, escribi\u00f3 Latorre desde Miami.<\/p>\n\n\n\n<p>La China Su\u00e1rez, que siempre estuvo en el ojo del hurac\u00e1n medi\u00e1tico, ahora ser\u00e1 noticia por un motivo resonante. \u201cTodos locos\u201d, agreg\u00f3 Yanina, dejando en claro su postura con la confirmaci\u00f3n caus\u00f3 revuelo entre aquellos que siguen cada movimiento de la actriz.<\/p>\n\n\n\n<p>En Puro Show hab\u00edan adelantado que los rumores de embarazo eran muy fuertes. \u201cAlguien me habl\u00f3 y me lo dijeron desde Uruguay. Claramente nunca lo dir\u00eda, pero&#8230;\u201d, anticip\u00f3 Pochi.<\/p>\n\n\n\n<figure class=\"wp-block-image size-full\"><img decoding=\"async\" src=\"https:\/\/masquenoticiastucuman.com.ar\/wp-content\/uploads\/2025\/01\/posteo.png\" alt=\"\" class=\"wp-image-19340\" \/><\/figure>\n","protected":false},"excerpt":{"rendered":"<p>A trav\u00e9s de su cuenta de Instagram, la panelista de LAM sac\u00f3 a la luz&#8230;<\/p>\n","protected":false},"author":2,"featured_media":0,"comment_status":"open","ping_status":"open","sticky":false,"template":"","format":"standard","meta":{"footnotes":""},"categories":[5],"tags":[],"class_list":["post-19339","post","type-post","status-publish","format-standard","hentry","category-espectaculo"],"_links":{"self":[{"href":"https:\/\/masquenoticiastucuman.com.ar\/index.php?rest_route=\/wp\/v2\/posts\/19339","targetHints":{"allow":["GET"]}}],"collection":[{"href":"https:\/\/masquenoticiastucuman.com.ar\/index.php?rest_route=\/wp\/v2\/posts"}],"about":[{"href":"https:\/\/masquenoticiastucuman.com.ar\/index.php?rest_route=\/wp\/v2\/types\/post"}],"author":[{"embeddable":true,"href":"https:\/\/masquenoticiastucuman.com.ar\/index.php?rest_route=\/wp\/v2\/users\/2"}],"replies":[{"embeddable":true,"href":"https:\/\/masquenoticiastucuman.com.ar\/index.php?rest_route=%2Fwp%2Fv2%2Fcomments&post=19339"}],"version-history":[{"count":1,"href":"https:\/\/masquenoticiastucuman.com.ar\/index.php?rest_route=\/wp\/v2\/posts\/19339\/revisions"}],"predecessor-version":[{"id":19342,"href":"https:\/\/masquenoticiastucuman.com.ar\/index.php?rest_route=\/wp\/v2\/posts\/19339\/revisions\/19342"}],"wp:attachment":[{"href":"https:\/\/masquenoticiastucuman.com.ar\/index.php?rest_route=%2Fwp%2Fv2%2Fmedia&parent=19339"}],"wp:term":[{"taxonomy":"category","embeddable":true,"href":"https:\/\/masquenoticiastucuman.com.ar\/index.php?rest_route=%2Fwp%2Fv2%2Fcategories&post=19339"},{"taxonomy":"post_tag","embeddable":true,"href":"https:\/\/masquenoticiastucuman.com.ar\/index.php?rest_route=%2Fwp%2Fv2%2Ftags&post=19339"}],"curies":[{"name":"wp","href":"https:\/\/api.w.org\/{rel}","templated":true}]}}