{"id":19368,"date":"2025-01-16T11:16:05","date_gmt":"2025-01-16T14:16:05","guid":{"rendered":"https:\/\/masquenoticiastucuman.com.ar\/?p=19368"},"modified":"2025-01-16T11:16:06","modified_gmt":"2025-01-16T14:16:06","slug":"que-hacer-en-san-miguel-de-tucuman-del-17-al-19-de-enero","status":"publish","type":"post","link":"https:\/\/masquenoticiastucuman.com.ar\/?p=19368","title":{"rendered":"Qu\u00e9 hacer en San Miguel de Tucum\u00e1n del 17 al 19 de enero"},"content":{"rendered":"\n<p>Este fin de semana se lanza el ciclo de espect\u00e1culos y cine \u201cVerano en la Ciudad\u201d. Tambi\u00e9n habr\u00e1 ferias, paseos tur\u00edsticos guiados y jornadas ambientales. Horarios de los museos municipales.<\/p>\n\n\n\n<p>La segunda quincena de enero en San Miguel de Tucum\u00e1n comienza con el lanzamiento del ciclo de espect\u00e1culos musicales y funciones de cine \u201cVerano en la Ciudad\u201d, organizado por la Municipalidad de la Capital. En la agenda del finde semana tambi\u00e9n figuran los paseos guiados gratuitos a bordo del Bus Tur\u00edstico SMT; las tradicionales ferias de artesanos, gastron\u00f3micos y emprendedores y jornadas de Eco Canje, entre otras propuestas.&nbsp;&nbsp;<\/p>\n\n\n\n<p>La programaci\u00f3n de actividades se detalla a continuaci\u00f3n:&nbsp;<\/p>\n\n\n\n<h3 class=\"wp-block-heading\">Viernes 17 de enero<\/h3>\n\n\n\n<p>9 h \u2013 Clases de Aquagym (de 9 a 10 h) y de nataci\u00f3n (de 9 a 10.30 h) en la pileta del Complejo Ledesma (25 de Mayo y avenida Sarmiento) para los usuarios del natatorio con su cuota mensual al d\u00eda. &nbsp;Cabe recordar que los interesados en usar la pileta deben inscribirse de forma presencial en el Complejo, de lunes a viernes, de 8 a 20 h. Requisitos: llevar DNI con fotocopia, pagar el abono mensual de $ 30.000 y hacer la revisaci\u00f3n m\u00e9dica ($ 3000). &nbsp;Se suspende por lluvia.&nbsp;<\/p>\n\n\n\n<p>10.30 a 12.30 h \u2013 Eco Canje en la Plaza 1\u00ba de Mayo de Villa Luj\u00e1n, Necochea 400. El Municipio entregar\u00e1 plantines, semillas para crear huertas y tierra abonada, entre otros presentes, a cambio de residuos reciclables de papel, cart\u00f3n, pl\u00e1stico, vidrio y metal, limpios y secos. Se suspende por lluvia.&nbsp;<\/p>\n\n\n\n<p>11 h &#8211; El Bus Tur\u00edstico SMT realizar\u00e1 un circuito hist\u00f3rico cultural por San Miguel de Tucum\u00e1n. Salida: Plaza Independencia, calle Laprida primera cuadra. Recorrido: Plaza Independencia (Centro Cultural Alberto Roug\u00e9s, Federaci\u00f3n Econ\u00f3mica, ex Hotel Plaza, Jockey Club, Iglesia San Francisco, Casa de Gobierno, Museo Casa Padilla); Casa Museo de la Ciudad; Parque 9 de Julio; Museo de la Industria Azucarera. Fin del recorrido en Plaza Independencia. &nbsp;Inscripciones: a trav\u00e9s de c\u00f3digos QR que se encuentran en la parada de calle Laprida 50; &nbsp;mediante un formulario digital (<a href=\"https:\/\/docs.google.com\/forms\/d\/e\/1FAIpQLScRY4hYEJmie1Usv6YV3lCQth0l1nQPdMnw4jqDWikBppKL3Q\/viewform?pli=1\" rel=\"noreferrer noopener\" target=\"_blank\">VER AQU\u00cd<\/a>) o el mismo d\u00eda con el gu\u00eda a cargo (supeditado a cupos disponibles). Servicio gratuito. Se suspende por lluvia.&nbsp;<\/p>\n\n\n\n<p>18 a 20 h \u2013 Jornadas de Eco Canje en el Parque Quinto Centenario (Belisario Rold\u00e1n al 600), Complejo Belgrano (Lamadrid y S\u00e1enz Pe\u00f1a) y en la Plaza del Barrio Los Cha\u00f1aritos (avenida Alem 3700).&nbsp;<\/p>\n\n\n\n<p>21 h \u2013 En el marco del lanzamiento del ciclo \u201cVerano en la Ciudad\u201d, la Banda de M\u00fasica Municipal \u201cMaestro Luzbel Giacobbe\u201d ofrecer\u00e1 un concierto con un repertorio de canciones populares, en la Plaza Tem\u00e1tica, Congreso y San Lorenzo. Entrada libre y gratuita. Se suspende por lluvia.&nbsp;<\/p>\n\n\n\n<h3 class=\"wp-block-heading\">S\u00e1bado 18 de enero&nbsp;<\/h3>\n\n\n\n<p>10.30 a 12.30 h \u2013 Eco Canje en la Plaza Gutengberg del Barrio Diza, Ayacucho 2600.&nbsp;<\/p>\n\n\n\n<p>11 h \u2013 El Bus Tur\u00edstico SMT realizar\u00e1 el City Tour por lugares notables de San Miguel de Tucum\u00e1n. Salida: Plaza Independencia, calle Laprida primera cuadra. Recorrido: Barrio Norte, Plaza Urquiza, Teatro San Mart\u00edn, Colegio Nacional, Complejo Ledesma, Parque 9 de Julio, Plaza San Mart\u00edn, Tribunales, Plaza Belgrano, Ex Mercado de Abasto, Puente Peatonal, Parque Avellaneda, Monumento al Bicentenario y Cementerio del Oeste. Inscripciones: a trav\u00e9s de c\u00f3digos QR que se encuentran en la parada de calle Laprida 50; &nbsp;mediante un formulario digital (<a href=\"https:\/\/docs.google.com\/forms\/d\/e\/1FAIpQLScRY4hYEJmie1Usv6YV3lCQth0l1nQPdMnw4jqDWikBppKL3Q\/viewform?pli=1\" rel=\"noreferrer noopener\" target=\"_blank\">VER AQU\u00cd<\/a>) o el mismo d\u00eda con el gu\u00eda a cargo (supeditado a cupos disponibles). Servicio gratuito. Se suspende por lluvia.&nbsp;<\/p>\n\n\n\n<p>19 a 01 h \u2013 Feria Gourmet en el Parque El Provincial, predio de avenida Roca y 9 de Julio.&nbsp;<\/p>\n\n\n\n<p>19 a 01 h &#8211; Feria de Artesanos en el Parque El Provincial, en la manzana del Polo Gastron\u00f3mico, Av. Roca y Chacabuco.&nbsp;<\/p>\n\n\n\n<p>19 h a 01 h &#8211; Paseo Gastron\u00f3mico en el Parque Avellaneda, sobre calle Asunci\u00f3n.&nbsp;<\/p>\n\n\n\n<p>19 h a 01 h &#8211; Feria de Emprendedores en el Parque Avellaneda, sobre Av. Mate de Luna y caminer\u00edas centrales.&nbsp;<\/p>\n\n\n\n<p>21 h &#8211; Recital de m\u00fasica folcl\u00f3rica a cargo del grupo tucumano \u201cCoraz\u00f3n Gaucho\u201d, en la Plaza Tem\u00e1tica, Congreso y San Lorenzo, en el marco del ciclo \u201cVerano en la Ciudad\u201d. Entrada libre y gratuita. Se suspende por lluvia.&nbsp;<\/p>\n\n\n\n<h3 class=\"wp-block-heading\">Domingo 19 de enero<\/h3>\n\n\n\n<p>11 h \u2013 El Bus Tur\u00edstico SMT realizar\u00e1 el City Tour por lugares notables de San Miguel de Tucum\u00e1n. Salida: Plaza Independencia, calle Laprida primera cuadra. Recorrido: Barrio Norte, Plaza Urquiza, Teatro San Mart\u00edn, Colegio Nacional, Complejo Ledesma, Parque 9 de Julio, Plaza San Mart\u00edn, Tribunales, Plaza Belgrano, Ex Mercado de Abasto, Puente Peatonal, Parque Avellaneda, Monumento al Bicentenario y Cementerio del Oeste. Inscripciones: a trav\u00e9s de c\u00f3digos QR que se encuentran en la parada de calle Laprida 50; &nbsp;mediante un formulario digital (<a href=\"https:\/\/docs.google.com\/forms\/d\/e\/1FAIpQLScRY4hYEJmie1Usv6YV3lCQth0l1nQPdMnw4jqDWikBppKL3Q\/viewform?pli=1\" rel=\"noreferrer noopener\" target=\"_blank\">VER AQU\u00cd<\/a>) o el mismo d\u00eda con el gu\u00eda a cargo (supeditado a cupos disponibles). Servicio gratuito. Se suspende por lluvia.&nbsp;<\/p>\n\n\n\n<p>19 a 01 h \u2013 Feria Gourmet en el Parque El Provincial, predio de avenida Roca y 9 de Julio.&nbsp;<\/p>\n\n\n\n<p>19 a 01 h &#8211; Feria de Artesanos en el Parque El Provincial, en la manzana del Polo Gastron\u00f3mico, Av. Roca y Chacabuco.&nbsp;<\/p>\n\n\n\n<p>19 h a 01 h &#8211; Paseo Gastron\u00f3mico en el Parque Avellaneda, sobre calle Asunci\u00f3n.&nbsp;<\/p>\n\n\n\n<p>19 h a 01 h &#8211; Feria de Emprendedores en el Parque Avellaneda, sobre Av. Mate de Luna y caminer\u00edas centrales.&nbsp;<\/p>\n\n\n\n<p>19 h a 00 h &#8211; Feria Ciudad Parque en el Parque Quinto Centenario, avenida Belgrano 4200.&nbsp;<\/p>\n\n\n\n<p>19 a 00 h &#8211; Eco Feria en la Plaza de la Fundaci\u00f3n, avenida Mate de Luna y Asunci\u00f3n. Estar\u00e1n los emprendedores del Mercado de Arte y Bot\u00e1nica (MAB).&nbsp;<\/p>\n\n\n\n<p>20.30 h &#8211; Se proyectar\u00e1 la pel\u00edcula animada argentina \u201cMetegol\u201d en la pantalla gigante del Lago San Miguel del Parque 9 de Julio, a las 20.30 h. La funci\u00f3n de cine forma parte del ciclo \u201cVerano en la Ciudad\u201d. Entrada libre y gratuita. Se suspende por lluvia.<\/p>\n\n\n\n<h2 class=\"wp-block-heading\">Horario de los museos municipales<\/h2>\n\n\n\n<p>Durante enero, el Museo Mercedes Sosa (Calixto del Corro 344), el Museo de la Industria Azucarera (Parque 9 de Julio), la Casa Museo de la Ciudad (Salta 532) y la Casa Belgraniana (Bernab\u00e9 Ar\u00e1oz y Bol\u00edvar), abren sus puertas de lunes a viernes, de 9 a 12.30 h, con entrada libre y gratuita.<\/p>\n\n\n\n<h2 class=\"wp-block-heading\">Horario de la Oficina de Informaci\u00f3n Tur\u00edstica<\/h2>\n\n\n\n<p>Durante enero, la Oficina de Informaci\u00f3n Tur\u00edstica de la Municipalidad de San Miguel de Tucum\u00e1n, ubicada a la par de la Casa Hist\u00f3rica (Congreso al 100), atiende de lunes a viernes de 8 a 13 h y 16 a 21 h. &nbsp;En el lugar, los visitantes pueden solicitar informaci\u00f3n sobre los atractivos tur\u00edsticos, rutas religiosas y oferta gastron\u00f3mica, entre otros lugares de inter\u00e9s que pueden visitar en nuestra Ciudad Hist\u00f3rica<\/p>\n","protected":false},"excerpt":{"rendered":"<p>Este fin de semana se lanza el ciclo de espect\u00e1culos y cine \u201cVerano en la&#8230;<\/p>\n","protected":false},"author":2,"featured_media":0,"comment_status":"open","ping_status":"open","sticky":false,"template":"","format":"standard","meta":{"footnotes":""},"categories":[2],"tags":[],"class_list":["post-19368","post","type-post","status-publish","format-standard","hentry","category-locales"],"_links":{"self":[{"href":"https:\/\/masquenoticiastucuman.com.ar\/index.php?rest_route=\/wp\/v2\/posts\/19368","targetHints":{"allow":["GET"]}}],"collection":[{"href":"https:\/\/masquenoticiastucuman.com.ar\/index.php?rest_route=\/wp\/v2\/posts"}],"about":[{"href":"https:\/\/masquenoticiastucuman.com.ar\/index.php?rest_route=\/wp\/v2\/types\/post"}],"author":[{"embeddable":true,"href":"https:\/\/masquenoticiastucuman.com.ar\/index.php?rest_route=\/wp\/v2\/users\/2"}],"replies":[{"embeddable":true,"href":"https:\/\/masquenoticiastucuman.com.ar\/index.php?rest_route=%2Fwp%2Fv2%2Fcomments&post=19368"}],"version-history":[{"count":1,"href":"https:\/\/masquenoticiastucuman.com.ar\/index.php?rest_route=\/wp\/v2\/posts\/19368\/revisions"}],"predecessor-version":[{"id":19370,"href":"https:\/\/masquenoticiastucuman.com.ar\/index.php?rest_route=\/wp\/v2\/posts\/19368\/revisions\/19370"}],"wp:attachment":[{"href":"https:\/\/masquenoticiastucuman.com.ar\/index.php?rest_route=%2Fwp%2Fv2%2Fmedia&parent=19368"}],"wp:term":[{"taxonomy":"category","embeddable":true,"href":"https:\/\/masquenoticiastucuman.com.ar\/index.php?rest_route=%2Fwp%2Fv2%2Fcategories&post=19368"},{"taxonomy":"post_tag","embeddable":true,"href":"https:\/\/masquenoticiastucuman.com.ar\/index.php?rest_route=%2Fwp%2Fv2%2Ftags&post=19368"}],"curies":[{"name":"wp","href":"https:\/\/api.w.org\/{rel}","templated":true}]}}