{"id":19506,"date":"2025-01-17T08:22:48","date_gmt":"2025-01-17T11:22:48","guid":{"rendered":"https:\/\/masquenoticiastucuman.com.ar\/?p=19506"},"modified":"2025-01-17T08:22:49","modified_gmt":"2025-01-17T11:22:49","slug":"murio-a-los-78-anos-david-lynch-el-creador-de-la-serie-twin-peaks","status":"publish","type":"post","link":"https:\/\/masquenoticiastucuman.com.ar\/?p=19506","title":{"rendered":"Muri\u00f3 a los 78 a\u00f1os David Lynch, el creador de la serie Twin Peaks"},"content":{"rendered":"\n<p>El director y guionista<strong>&nbsp;David Lynch<\/strong>, creador de ic\u00f3nicos proyectos audiovisuales como&nbsp;<em><strong>Blue Velvet, Mulholland Drive<\/strong><\/em>&nbsp;y<em><strong>&nbsp;Twin Peaks<\/strong><\/em>, falleci\u00f3 este jueves a los 78 a\u00f1os.<\/p>\n\n\n\n<p>En 2024, el artista anunci\u00f3 que hab\u00eda sido diagnosticado con enfisema pulmonar causado por su adicci\u00f3n al cigarrillo y que, probablemente, ya no iba a tener las fuerzas para salir de su casa a dirigir proyectos.&nbsp;<\/p>\n\n\n\n<p>Su familia fue la encargada de difundir la triste noticia de su partida:&nbsp;<strong>\u201cHay un gran agujero en el mundo ahora que ya no est\u00e1 con nosotros. Pero, como \u00e9l dec\u00eda, &#8216;Mant\u00e9n la vista en la rosquilla y no en el agujero&#8217;\u201d<\/strong>, escribieron a trav\u00e9s de un posteo en su cuenta de Facebook. A su vez, la familia del cineasta pidi\u00f3 privacidad en este dif\u00edcil momento.<\/p>\n\n\n\n<p>Lynch hab\u00eda recibido su diagn\u00f3stico en el 2020, pero su adicci\u00f3n le prohibi\u00f3 dejar de fumar, ya que lo hac\u00eda desde su corta edad de 8 a\u00f1os. Finalmente, renunci\u00f3 al cigarrillo en el 2022, pero su condici\u00f3n ya se hab\u00eda vuelto cr\u00edtica.\u00a0<\/p>\n\n\n\n<h2 class=\"wp-block-heading\">Un cineasta de culto<\/h2>\n\n\n\n<p>David Lynch comenz\u00f3 su carrera como pintor antes de incursionar en el cine, con cortometrajes animados y de acci\u00f3n real. Su primer largometraje,&nbsp;<em>Eraserhead<\/em>&nbsp;(1977), se convirti\u00f3 en un cl\u00e1sico de culto en el circuito de proyecciones de medianoche. Esta obra, realizada durante cinco a\u00f1os, llam\u00f3 la atenci\u00f3n de&nbsp;<strong>Mel Brooks<\/strong>, quien contrat\u00f3 a Lynch para dirigir&nbsp;<em>The Elephant Man<\/em>&nbsp;(1980). Este drama sobre John Merrick, un hombre deformado que vivi\u00f3 en la Inglaterra victoriana, recibi\u00f3 ocho nominaciones a los&nbsp;<strong>Premios Oscar<\/strong>, incluyendo mejor director para Lynch.<\/p>\n\n\n\n<p>A pesar de este \u00e9xito, su carrera tuvo altibajos. En 1984 dirigi\u00f3&nbsp;<em>Dune<\/em>, una adaptaci\u00f3n del cl\u00e1sico de ciencia ficci\u00f3n de Frank Herbert que fue un fracaso comercial y cr\u00edtico. Sin embargo, Lynch se recuper\u00f3 con&nbsp;<em>Blue Velvet&nbsp;<\/em>(1986), un relato inquietante sobre el lado oscuro de una peque\u00f1a ciudad estadounidense, y con<em>&nbsp;Wild at Heart<\/em>&nbsp;(1990), que gan\u00f3 la Palma de Oro en el Festival de Cannes.<\/p>\n\n\n\n<p>En televisi\u00f3n, Lynch revolucion\u00f3 la narrativa con&nbsp;<em>Twin Peaks<\/em>&nbsp;(1990), creada junto a&nbsp;<strong>Mark Frost<\/strong>. La serie, que segu\u00eda la investigaci\u00f3n del asesinato de la estudiante Laura Palmer, introdujo temas tab\u00fa y elementos sobrenaturales en la televisi\u00f3n de horario estelar, obteniendo 14 nominaciones a los&nbsp;<strong>Premios Emmy<\/strong>&nbsp;en su primera temporada. Aunque perdi\u00f3 audiencia en su segundo a\u00f1o,&nbsp;<em>Twin Peaks<\/em>&nbsp;mantuvo un culto de seguidores que impuls\u00f3 una pel\u00edcula precuela (<em>Twin Peaks: Fire Walk With Me<\/em>, 1992) y un renacimiento en 2017 con una tercera temporada en Showtime.<\/p>\n\n\n\n<p>Entre sus otras obras destacadas se encuentran&nbsp;<em>Lost Highway<\/em>&nbsp;(1997),&nbsp;<em>The Straight Story<\/em>&nbsp;(1999) y&nbsp;<em>Mulholland Drive<\/em>&nbsp;(2001), esta \u00faltima considerada una de sus pel\u00edculas m\u00e1s aclamadas y por la que recibi\u00f3 una nominaci\u00f3n al&nbsp;<strong>\u00d3scar<\/strong>&nbsp;como mejor director.<\/p>\n\n\n\n<p>Adem\u00e1s del cine y la televisi\u00f3n, Lynch explor\u00f3 otras formas de expresi\u00f3n art\u00edstica. Exhibi\u00f3 sus pinturas en galer\u00edas internacionales, public\u00f3 discos de m\u00fasica experimental y fue autor de un c\u00f3mic titulado&nbsp;<em>The Angriest Dog in the World<\/em>. Como defensor de la meditaci\u00f3n trascendental, fund\u00f3 la&nbsp;<strong>David Lynch Foundation<\/strong>&nbsp;para promover esta pr\u00e1ctica.<\/p>\n","protected":false},"excerpt":{"rendered":"<p>El director y guionista&nbsp;David Lynch, creador de ic\u00f3nicos proyectos audiovisuales como&nbsp;Blue Velvet, Mulholland Drive&nbsp;y&nbsp;Twin Peaks,&#8230;<\/p>\n","protected":false},"author":2,"featured_media":0,"comment_status":"open","ping_status":"open","sticky":false,"template":"","format":"standard","meta":{"footnotes":""},"categories":[2],"tags":[],"class_list":["post-19506","post","type-post","status-publish","format-standard","hentry","category-locales"],"_links":{"self":[{"href":"https:\/\/masquenoticiastucuman.com.ar\/index.php?rest_route=\/wp\/v2\/posts\/19506","targetHints":{"allow":["GET"]}}],"collection":[{"href":"https:\/\/masquenoticiastucuman.com.ar\/index.php?rest_route=\/wp\/v2\/posts"}],"about":[{"href":"https:\/\/masquenoticiastucuman.com.ar\/index.php?rest_route=\/wp\/v2\/types\/post"}],"author":[{"embeddable":true,"href":"https:\/\/masquenoticiastucuman.com.ar\/index.php?rest_route=\/wp\/v2\/users\/2"}],"replies":[{"embeddable":true,"href":"https:\/\/masquenoticiastucuman.com.ar\/index.php?rest_route=%2Fwp%2Fv2%2Fcomments&post=19506"}],"version-history":[{"count":1,"href":"https:\/\/masquenoticiastucuman.com.ar\/index.php?rest_route=\/wp\/v2\/posts\/19506\/revisions"}],"predecessor-version":[{"id":19508,"href":"https:\/\/masquenoticiastucuman.com.ar\/index.php?rest_route=\/wp\/v2\/posts\/19506\/revisions\/19508"}],"wp:attachment":[{"href":"https:\/\/masquenoticiastucuman.com.ar\/index.php?rest_route=%2Fwp%2Fv2%2Fmedia&parent=19506"}],"wp:term":[{"taxonomy":"category","embeddable":true,"href":"https:\/\/masquenoticiastucuman.com.ar\/index.php?rest_route=%2Fwp%2Fv2%2Fcategories&post=19506"},{"taxonomy":"post_tag","embeddable":true,"href":"https:\/\/masquenoticiastucuman.com.ar\/index.php?rest_route=%2Fwp%2Fv2%2Ftags&post=19506"}],"curies":[{"name":"wp","href":"https:\/\/api.w.org\/{rel}","templated":true}]}}