{"id":19513,"date":"2025-01-17T09:09:27","date_gmt":"2025-01-17T12:09:27","guid":{"rendered":"https:\/\/masquenoticiastucuman.com.ar\/?p=19513"},"modified":"2025-01-17T09:09:28","modified_gmt":"2025-01-17T12:09:28","slug":"mas-seguridad-vial-funciona-un-nuevo-complejo-semaforizado-en-avenida-roca-y-moreno","status":"publish","type":"post","link":"https:\/\/masquenoticiastucuman.com.ar\/?p=19513","title":{"rendered":"M\u00e1s seguridad vial: funciona un nuevo complejo semaforizado en avenida Roca y Moreno"},"content":{"rendered":"\n<p>En el marco del plan destinado a ordenar el tr\u00e1nsito en la ciudad y prevenir siniestros viales, instalaron y pusieron en funcionamiento un complejo semaforizado en la esquina de avenida Roca y Moreno, un sector con alta circulaci\u00f3n vehicular donde era necesaria la se\u00f1alizaci\u00f3n luminosa<\/p>\n\n\n\n<p>\u201cEste es un cruce muy importante que no ten\u00eda complejo semaforizado. Era un sector que ten\u00eda muchos accidentes, especialmente de motos. Por orden de la intendenta&nbsp;<strong>Rossana Chahla<\/strong>&nbsp;se instal\u00f3 un complejo que tiene seis movimientos, porque est\u00e1 en el cruce de una avenida.<\/p>\n\n\n\n<p>Adem\u00e1s, tiene circuitos peatonales din\u00e1micos, con decrementadores que marcan el tiempo que tiene el peat\u00f3n para cruzar\u201d, especific\u00f3 Sergio Gao, director de Alumbrado y Sem\u00e1foros.<\/p>\n\n\n\n<p>El funcionario explic\u00f3 que la zona de Roca y Moreno \u201crecibe el tr\u00e1nsito que viene de un acceso importante, que es el sector de la avenida Papa Francisco que deriva muchos veh\u00edculos pesados y los sem\u00e1foros eran muy necesarios para organizar el tr\u00e1fico\u201d.<\/p>\n\n\n\n<p>En ese sentido, los sem\u00e1foros fueron coordinados \u201ccon los complejos de la salida de la rotonda Dorrego que van hacia el oeste\u201d.<\/p>\n\n\n\n<p>\u201cEste es el \u00faltimo de los siete complejos semaforizados que vamos instalando en la gesti\u00f3n de la intendenta Chahla\u201d, record\u00f3 Gao.<\/p>\n\n\n\n<p>Los otros seis est\u00e1n funcionando en Benjam\u00edn Ar\u00e1oz e Irineo Leguisamo, Ej\u00e9rcito del Norte y Espa\u00f1a, San Lorenzo y Miguel Lillo, avenida Col\u00f3n y Bol\u00edvar, Lisandro de la Torre y pasaje La Gaceta (acceso norte) y en Pellegrini y San Lorenzo.<\/p>\n\n\n\n<p>\u201cYa estamos trabajando en un cronograma de complejos que se va a instalar posteriormente en otros cruces como avenida Francisco de Aguirre y Viamonte, donde en este momento estamos cavando la base\u201d, adelant\u00f3 el titular de Alumbrado y Sem\u00e1foros del Municipio.<\/p>\n\n\n\n<p>Adem\u00e1s, anunci\u00f3 que \u201chasta marzo se montar\u00e1n siete complejos semaforizados m\u00e1s en diferentes sectores como San Lorenzo y Amador Lucero, Cris\u00f3stomo \u00c1lvarez y Pellegrini, entre otros lugares\u201d.<\/p>\n\n\n\n<p>Cabe resaltar que para definir las esquinas en donde es prioritario colocar se\u00f1alizaci\u00f3n vial luminosa, el Municipio elabora \u201cun estudio t\u00e9cnico previo, un proyecto, se estudia el cableado, hay un programa y hay un censo vehicular y peatonal para ver las necesidades del controlador, para determinar cu\u00e1ntos movimientos tendr\u00e1 el cruce y c\u00f3mo ser\u00e1 sincronizado con los sem\u00e1foros cercanos\u201d, detall\u00f3 el funcionario.<\/p>\n\n\n\n<p>Por \u00faltimo, Gao inform\u00f3 que la semaforizaci\u00f3n de un cruce como el de Roca y Moreno \u201ccuesta entre 35 y 40 millones de pesos la instalaci\u00f3n completa, incluida la mano de obra y equipos\u201d.<\/p>\n\n\n\n<p>Cabe recordar que actualmente est\u00e1 en proceso de licitaci\u00f3n un proyecto de Mantenimiento Correctivo y Preventivo del Sistema de Se\u00f1alizaci\u00f3n Luminosa, que comprende un total de 328 cruces semaforizados en distintos puntos de la ciudad capital. Ese plan de obras incluye tambi\u00e9n la creaci\u00f3n de un Comando Centralizado de Tr\u00e1nsito compuesto por computadoras que estar\u00e1 colectadas a la totalidad de los cruces.<\/p>\n","protected":false},"excerpt":{"rendered":"<p>En el marco del plan destinado a ordenar el tr\u00e1nsito en la ciudad y prevenir&#8230;<\/p>\n","protected":false},"author":2,"featured_media":0,"comment_status":"open","ping_status":"open","sticky":false,"template":"","format":"standard","meta":{"footnotes":""},"categories":[2],"tags":[],"class_list":["post-19513","post","type-post","status-publish","format-standard","hentry","category-locales"],"_links":{"self":[{"href":"https:\/\/masquenoticiastucuman.com.ar\/index.php?rest_route=\/wp\/v2\/posts\/19513","targetHints":{"allow":["GET"]}}],"collection":[{"href":"https:\/\/masquenoticiastucuman.com.ar\/index.php?rest_route=\/wp\/v2\/posts"}],"about":[{"href":"https:\/\/masquenoticiastucuman.com.ar\/index.php?rest_route=\/wp\/v2\/types\/post"}],"author":[{"embeddable":true,"href":"https:\/\/masquenoticiastucuman.com.ar\/index.php?rest_route=\/wp\/v2\/users\/2"}],"replies":[{"embeddable":true,"href":"https:\/\/masquenoticiastucuman.com.ar\/index.php?rest_route=%2Fwp%2Fv2%2Fcomments&post=19513"}],"version-history":[{"count":1,"href":"https:\/\/masquenoticiastucuman.com.ar\/index.php?rest_route=\/wp\/v2\/posts\/19513\/revisions"}],"predecessor-version":[{"id":19515,"href":"https:\/\/masquenoticiastucuman.com.ar\/index.php?rest_route=\/wp\/v2\/posts\/19513\/revisions\/19515"}],"wp:attachment":[{"href":"https:\/\/masquenoticiastucuman.com.ar\/index.php?rest_route=%2Fwp%2Fv2%2Fmedia&parent=19513"}],"wp:term":[{"taxonomy":"category","embeddable":true,"href":"https:\/\/masquenoticiastucuman.com.ar\/index.php?rest_route=%2Fwp%2Fv2%2Fcategories&post=19513"},{"taxonomy":"post_tag","embeddable":true,"href":"https:\/\/masquenoticiastucuman.com.ar\/index.php?rest_route=%2Fwp%2Fv2%2Ftags&post=19513"}],"curies":[{"name":"wp","href":"https:\/\/api.w.org\/{rel}","templated":true}]}}