{"id":19781,"date":"2025-01-20T11:01:02","date_gmt":"2025-01-20T14:01:02","guid":{"rendered":"http:\/\/masquenoticiastucuman.com.ar\/?p=19781"},"modified":"2025-01-20T11:01:02","modified_gmt":"2025-01-20T14:01:02","slug":"nunca-mas-retenciones-ni-cierres-de-exportaciones-en-un-acto-del-campo-pidieron-que-el-gobierno-termine-con-medidas-absurdas","status":"publish","type":"post","link":"https:\/\/masquenoticiastucuman.com.ar\/?p=19781","title":{"rendered":"&#8220;Nunca m\u00e1s retenciones ni cierres de exportaciones&#8221;: en un acto del campo pidieron que el Gobierno termine con &#8220;medidas absurdas&#8221;"},"content":{"rendered":"<ul>\n<li>En Esquel, un presidente ruralista reclam\u00f3 modificaciones urgentes en pol\u00edticas agropecuarias.<\/li>\n<li>Pidi\u00f3 un tipo de cambio competitivo.<\/li>\n<li>Alert\u00f3 por la ola creciente de delitos rurales.<\/li>\n<\/ul>","protected":false},"excerpt":{"rendered":"<p>En Esquel, un presidente ruralista reclam\u00f3 modificaciones urgentes en pol\u00edticas agropecuarias. Pidi\u00f3 un tipo de&#8230;<\/p>\n","protected":false},"author":1,"featured_media":0,"comment_status":"open","ping_status":"open","sticky":false,"template":"","format":"standard","meta":{"footnotes":""},"categories":[1],"tags":[],"class_list":["post-19781","post","type-post","status-publish","format-standard","hentry","category-uncategorized"],"_links":{"self":[{"href":"https:\/\/masquenoticiastucuman.com.ar\/index.php?rest_route=\/wp\/v2\/posts\/19781","targetHints":{"allow":["GET"]}}],"collection":[{"href":"https:\/\/masquenoticiastucuman.com.ar\/index.php?rest_route=\/wp\/v2\/posts"}],"about":[{"href":"https:\/\/masquenoticiastucuman.com.ar\/index.php?rest_route=\/wp\/v2\/types\/post"}],"author":[{"embeddable":true,"href":"https:\/\/masquenoticiastucuman.com.ar\/index.php?rest_route=\/wp\/v2\/users\/1"}],"replies":[{"embeddable":true,"href":"https:\/\/masquenoticiastucuman.com.ar\/index.php?rest_route=%2Fwp%2Fv2%2Fcomments&post=19781"}],"version-history":[{"count":0,"href":"https:\/\/masquenoticiastucuman.com.ar\/index.php?rest_route=\/wp\/v2\/posts\/19781\/revisions"}],"wp:attachment":[{"href":"https:\/\/masquenoticiastucuman.com.ar\/index.php?rest_route=%2Fwp%2Fv2%2Fmedia&parent=19781"}],"wp:term":[{"taxonomy":"category","embeddable":true,"href":"https:\/\/masquenoticiastucuman.com.ar\/index.php?rest_route=%2Fwp%2Fv2%2Fcategories&post=19781"},{"taxonomy":"post_tag","embeddable":true,"href":"https:\/\/masquenoticiastucuman.com.ar\/index.php?rest_route=%2Fwp%2Fv2%2Ftags&post=19781"}],"curies":[{"name":"wp","href":"https:\/\/api.w.org\/{rel}","templated":true}]}}