{"id":19785,"date":"2025-01-20T11:01:04","date_gmt":"2025-01-20T14:01:04","guid":{"rendered":"http:\/\/masquenoticiastucuman.com.ar\/?p=19785"},"modified":"2025-01-20T11:01:04","modified_gmt":"2025-01-20T14:01:04","slug":"mercado-de-pases-2025-en-vivo-river-cerro-a-driussi-pero-no-se-baja-boca-espera-por-marchesin-y-san-lorenzo-y-newells-pelean-por-keylor-navas","status":"publish","type":"post","link":"https:\/\/masquenoticiastucuman.com.ar\/?p=19785","title":{"rendered":"Mercado de pases 2025, EN VIVO: River cerr\u00f3 a Driussi pero no se baja, Boca espera por Marches\u00edn y San Lorenzo y Newell&#8217;s pelean por Keylor Navas"},"content":{"rendered":"<ul>\n<li>El ex Lan\u00fas volver\u00eda al f\u00fatbol argentino tras su paso por Europa y Brasil.<\/li>\n<li>Gallardo est\u00e1 a un paso de terminar de armar su equipo de los sue\u00f1os.<\/li>\n<li>San Lorenzo necesita un arquero y sue\u00f1a con el costarricense.<\/li>\n<\/ul>","protected":false},"excerpt":{"rendered":"<p>El ex Lan\u00fas volver\u00eda al f\u00fatbol argentino tras su paso por Europa y Brasil. Gallardo&#8230;<\/p>\n","protected":false},"author":1,"featured_media":0,"comment_status":"open","ping_status":"open","sticky":false,"template":"","format":"standard","meta":{"footnotes":""},"categories":[6],"tags":[],"class_list":["post-19785","post","type-post","status-publish","format-standard","hentry","category-deportes"],"_links":{"self":[{"href":"https:\/\/masquenoticiastucuman.com.ar\/index.php?rest_route=\/wp\/v2\/posts\/19785","targetHints":{"allow":["GET"]}}],"collection":[{"href":"https:\/\/masquenoticiastucuman.com.ar\/index.php?rest_route=\/wp\/v2\/posts"}],"about":[{"href":"https:\/\/masquenoticiastucuman.com.ar\/index.php?rest_route=\/wp\/v2\/types\/post"}],"author":[{"embeddable":true,"href":"https:\/\/masquenoticiastucuman.com.ar\/index.php?rest_route=\/wp\/v2\/users\/1"}],"replies":[{"embeddable":true,"href":"https:\/\/masquenoticiastucuman.com.ar\/index.php?rest_route=%2Fwp%2Fv2%2Fcomments&post=19785"}],"version-history":[{"count":0,"href":"https:\/\/masquenoticiastucuman.com.ar\/index.php?rest_route=\/wp\/v2\/posts\/19785\/revisions"}],"wp:attachment":[{"href":"https:\/\/masquenoticiastucuman.com.ar\/index.php?rest_route=%2Fwp%2Fv2%2Fmedia&parent=19785"}],"wp:term":[{"taxonomy":"category","embeddable":true,"href":"https:\/\/masquenoticiastucuman.com.ar\/index.php?rest_route=%2Fwp%2Fv2%2Fcategories&post=19785"},{"taxonomy":"post_tag","embeddable":true,"href":"https:\/\/masquenoticiastucuman.com.ar\/index.php?rest_route=%2Fwp%2Fv2%2Ftags&post=19785"}],"curies":[{"name":"wp","href":"https:\/\/api.w.org\/{rel}","templated":true}]}}