{"id":19869,"date":"2025-01-21T09:01:02","date_gmt":"2025-01-21T12:01:02","guid":{"rendered":"http:\/\/masquenoticiastucuman.com.ar\/?p=19869"},"modified":"2025-01-21T09:01:02","modified_gmt":"2025-01-21T12:01:02","slug":"el-campo-denuncia-a-la-arca-por-una-demora-inadmisible-mas-de-60-dias-sin-devolucion-del-iva-retenido-a-los-granos","status":"publish","type":"post","link":"https:\/\/masquenoticiastucuman.com.ar\/?p=19869","title":{"rendered":"El campo denuncia a la ARCA por una &#8220;demora inadmisible&#8221;: &#8220;M\u00e1s de 60 d\u00edas sin devoluci\u00f3n del IVA retenido a los granos&#8221;"},"content":{"rendered":"<ul>\n<li>Ruralistas de Buenos Aires y La Pampa exigen la urgente soluci\u00f3n a esta problem\u00e1tica.<\/li>\n<li>Afirman que agrava la &#8220;insostenible carga impositiva&#8221; sobre el agro.<\/li>\n<\/ul>","protected":false},"excerpt":{"rendered":"<p>Ruralistas de Buenos Aires y La Pampa exigen la urgente soluci\u00f3n a esta problem\u00e1tica. Afirman&#8230;<\/p>\n","protected":false},"author":1,"featured_media":0,"comment_status":"open","ping_status":"open","sticky":false,"template":"","format":"standard","meta":{"footnotes":""},"categories":[1],"tags":[],"class_list":["post-19869","post","type-post","status-publish","format-standard","hentry","category-uncategorized"],"_links":{"self":[{"href":"https:\/\/masquenoticiastucuman.com.ar\/index.php?rest_route=\/wp\/v2\/posts\/19869","targetHints":{"allow":["GET"]}}],"collection":[{"href":"https:\/\/masquenoticiastucuman.com.ar\/index.php?rest_route=\/wp\/v2\/posts"}],"about":[{"href":"https:\/\/masquenoticiastucuman.com.ar\/index.php?rest_route=\/wp\/v2\/types\/post"}],"author":[{"embeddable":true,"href":"https:\/\/masquenoticiastucuman.com.ar\/index.php?rest_route=\/wp\/v2\/users\/1"}],"replies":[{"embeddable":true,"href":"https:\/\/masquenoticiastucuman.com.ar\/index.php?rest_route=%2Fwp%2Fv2%2Fcomments&post=19869"}],"version-history":[{"count":0,"href":"https:\/\/masquenoticiastucuman.com.ar\/index.php?rest_route=\/wp\/v2\/posts\/19869\/revisions"}],"wp:attachment":[{"href":"https:\/\/masquenoticiastucuman.com.ar\/index.php?rest_route=%2Fwp%2Fv2%2Fmedia&parent=19869"}],"wp:term":[{"taxonomy":"category","embeddable":true,"href":"https:\/\/masquenoticiastucuman.com.ar\/index.php?rest_route=%2Fwp%2Fv2%2Fcategories&post=19869"},{"taxonomy":"post_tag","embeddable":true,"href":"https:\/\/masquenoticiastucuman.com.ar\/index.php?rest_route=%2Fwp%2Fv2%2Ftags&post=19869"}],"curies":[{"name":"wp","href":"https:\/\/api.w.org\/{rel}","templated":true}]}}